{"id":83,"date":"2020-09-17T14:25:56","date_gmt":"2020-09-17T14:25:56","guid":{"rendered":"https:\/\/projet.csvennes.fr\/?p=83"},"modified":"2020-09-24T13:05:29","modified_gmt":"2020-09-24T13:05:29","slug":"rapport-financier","status":"publish","type":"post","link":"https:\/\/ag2020.csvennes.fr\/?p=83","title":{"rendered":"Rapport financier"},"content":{"rendered":"\n<p>Il s&rsquo;agit ici du rapport financier de l&rsquo;association qui ne constitue pas le reflet du budget global du centre social. Pour m\u00e9moire, les locaux appartiennent \u00e0 la CAF de l&rsquo;Ain qui  assure la gestion du fonctionnement. Le personnel permanent est \u00e9galement salari\u00e9 de la CAF de l&rsquo;Ain. L&rsquo;association g\u00e8re tous les autres moyens pour d\u00e9velopper le projet du centre social (hors accueil de la petite enfance).<\/p>\n\n\n\n<p><\/p>\n\n\n\n<h1 class=\"wp-block-heading\">Compte d&rsquo;exploitation<\/h1>\n\n\n\n<h1 class=\"wp-block-heading\"> du 1er janvier au 31 d\u00e9cembre 2019<\/h1>\n\n\n\n<h2 class=\"has-text-color wp-block-heading\" style=\"color:#f83141\">Un total de charges de 61477,96\u20ac<\/h2>\n\n\n\n<figure class=\"wp-block-image size-large\"><img loading=\"lazy\" decoding=\"async\" width=\"604\" height=\"400\" src=\"https:\/\/projet.csvennes.fr\/wp-content\/uploads\/2020\/09\/image-2.png\" alt=\"\" class=\"wp-image-154\" srcset=\"https:\/\/ag2020.csvennes.fr\/wp-content\/uploads\/2020\/09\/image-2.png 604w, https:\/\/ag2020.csvennes.fr\/wp-content\/uploads\/2020\/09\/image-2-300x199.png 300w\" sizes=\"auto, (max-width: 604px) 100vw, 604px\" \/><\/figure>\n\n\n\n<h2 class=\"has-text-color wp-block-heading\" style=\"color:#54b238\">Un total de produits de 62088.,51\u20ac<\/h2>\n\n\n\n<figure class=\"wp-block-image size-large\"><img loading=\"lazy\" decoding=\"async\" width=\"655\" height=\"431\" src=\"https:\/\/projet.csvennes.fr\/wp-content\/uploads\/2020\/09\/image-4.png\" alt=\"\" class=\"wp-image-156\" srcset=\"https:\/\/ag2020.csvennes.fr\/wp-content\/uploads\/2020\/09\/image-4.png 655w, https:\/\/ag2020.csvennes.fr\/wp-content\/uploads\/2020\/09\/image-4-300x197.png 300w\" sizes=\"auto, (max-width: 655px) 100vw, 655px\" \/><\/figure>\n\n\n\n<p><\/p>\n\n\n\n<h3 class=\"wp-block-heading\"><strong>L&rsquo;association a un r\u00e9sultat exc\u00e9dentaire de 610,95\u20ac<\/strong><\/h3>\n\n\n\n<p>Il est propos\u00e9 de les affecter au report \u00e0 nouveau.<\/p>\n\n\n\n<h1 class=\"wp-block-heading\">Bilan au 31 d\u00e9cembre 2019 <\/h1>\n\n\n\n<p> <\/p>\n\n\n\n<p>Le bilan d\u00e9crit ce que poss\u00e8de l&rsquo;association \u00e0 cette date, et comment il est r\u00e9parti<\/p>\n\n\n\n<p><strong>Le montant s&rsquo;\u00e9l\u00e8ve \u00e0 45034 \u20ac<\/strong><\/p>\n\n\n\n<p>Pour voir plus en d\u00e9tail le compte de r\u00e9sultat et le bilan annuel  <strong><a rel=\"noreferrer noopener\" href=\"https:\/\/projet.csvennes.fr\/?p=285\" target=\"_blank\">c&rsquo;est ici<\/a><\/strong><\/p>\n\n\n\n<p><\/p>\n\n\n\n<div class=\"wp-block-buttons is-layout-flex wp-block-buttons-is-layout-flex\">\n<div class=\"wp-block-button\"><a class=\"wp-block-button__link has-blue-background-color has-background\">retour \u00e0 l&rsquo;accueil<\/a><\/div>\n<\/div>\n\n\n\n<p><\/p>\n","protected":false},"excerpt":{"rendered":"<p>Il s&rsquo;agit ici du rapport financier de l&rsquo;association qui ne constitue pas le reflet du budget global du centre social. Pour m\u00e9moire, les locaux appartiennent \u00e0 la CAF de l&rsquo;Ain qui assure la gestion du fonctionnement. Le personnel permanent est <a class=\"more-link\" href=\"https:\/\/ag2020.csvennes.fr\/?p=83\">Continuer la lecture <span class=\"screen-reader-text\">  Rapport financier<\/span><span class=\"meta-nav\">&rarr;<\/span><\/a><\/p>\n","protected":false},"author":1,"featured_media":0,"comment_status":"open","ping_status":"open","sticky":false,"template":"","format":"standard","meta":{"footnotes":""},"categories":[6],"tags":[],"class_list":["post-83","post","type-post","status-publish","format-standard","hentry","category-financier"],"_links":{"self":[{"href":"https:\/\/ag2020.csvennes.fr\/index.php?rest_route=\/wp\/v2\/posts\/83","targetHints":{"allow":["GET"]}}],"collection":[{"href":"https:\/\/ag2020.csvennes.fr\/index.php?rest_route=\/wp\/v2\/posts"}],"about":[{"href":"https:\/\/ag2020.csvennes.fr\/index.php?rest_route=\/wp\/v2\/types\/post"}],"author":[{"embeddable":true,"href":"https:\/\/ag2020.csvennes.fr\/index.php?rest_route=\/wp\/v2\/users\/1"}],"replies":[{"embeddable":true,"href":"https:\/\/ag2020.csvennes.fr\/index.php?rest_route=%2Fwp%2Fv2%2Fcomments&post=83"}],"version-history":[{"count":9,"href":"https:\/\/ag2020.csvennes.fr\/index.php?rest_route=\/wp\/v2\/posts\/83\/revisions"}],"predecessor-version":[{"id":384,"href":"https:\/\/ag2020.csvennes.fr\/index.php?rest_route=\/wp\/v2\/posts\/83\/revisions\/384"}],"wp:attachment":[{"href":"https:\/\/ag2020.csvennes.fr\/index.php?rest_route=%2Fwp%2Fv2%2Fmedia&parent=83"}],"wp:term":[{"taxonomy":"category","embeddable":true,"href":"https:\/\/ag2020.csvennes.fr\/index.php?rest_route=%2Fwp%2Fv2%2Fcategories&post=83"},{"taxonomy":"post_tag","embeddable":true,"href":"https:\/\/ag2020.csvennes.fr\/index.php?rest_route=%2Fwp%2Fv2%2Ftags&post=83"}],"curies":[{"name":"wp","href":"https:\/\/api.w.org\/{rel}","templated":true}]}}