{"id":438,"date":"2021-01-14T17:28:25","date_gmt":"2021-01-14T17:28:25","guid":{"rendered":"https:\/\/projet.csvennes.fr\/?p=438"},"modified":"2021-01-14T18:01:13","modified_gmt":"2021-01-14T18:01:13","slug":"travaux-de-renouvellement-du-projet","status":"publish","type":"post","link":"https:\/\/ag2020.csvennes.fr\/?p=438","title":{"rendered":"travaux de renouvellement du projet"},"content":{"rendered":"\n<figure class=\"wp-block-image size-large\"><img loading=\"lazy\" decoding=\"async\" width=\"612\" height=\"213\" src=\"https:\/\/projet.csvennes.fr\/wp-content\/uploads\/2021\/01\/image.png\" alt=\"\" class=\"wp-image-439\" srcset=\"https:\/\/ag2020.csvennes.fr\/wp-content\/uploads\/2021\/01\/image.png 612w, https:\/\/ag2020.csvennes.fr\/wp-content\/uploads\/2021\/01\/image-300x104.png 300w\" sizes=\"auto, (max-width: 612px) 100vw, 612px\" \/><\/figure>\n\n\n\n<figure class=\"wp-block-image size-large\"><img loading=\"lazy\" decoding=\"async\" width=\"808\" height=\"105\" src=\"https:\/\/projet.csvennes.fr\/wp-content\/uploads\/2021\/01\/image-1.png\" alt=\"\" class=\"wp-image-442\" srcset=\"https:\/\/ag2020.csvennes.fr\/wp-content\/uploads\/2021\/01\/image-1.png 808w, https:\/\/ag2020.csvennes.fr\/wp-content\/uploads\/2021\/01\/image-1-300x39.png 300w, https:\/\/ag2020.csvennes.fr\/wp-content\/uploads\/2021\/01\/image-1-768x100.png 768w\" sizes=\"auto, (max-width: 808px) 100vw, 808px\" \/><\/figure>\n\n\n\n<figure class=\"wp-block-table\"><table><tbody><tr><td><strong>2020<\/strong>\u00a0\u00a0\u00a0       1er\u00a0\u00a0<\/td><td>semestre<\/td><td><strong>Automne de 2020<\/strong><\/td><td><strong>Hiver 2021<\/strong><\/td><td><strong>Printemps 2021<\/strong><\/td><td><strong>Septembre 2021<\/strong><\/td><\/tr><tr><td>Rencontre des forces vives du centre social. Temps d\u2019\u00e9valuation collective<\/td><td>&nbsp;<\/td><td>Collecte paroles habitants<\/td><td>D\u00e9finitions des orientations &nbsp;<\/td><td>\u00c9criture collective<\/td><td>Pr\u00e9sentation \u00e0 la Caf pour agr\u00e9ment<\/td><\/tr><\/tbody><\/table><\/figure>\n","protected":false},"excerpt":{"rendered":"<p>2020\u00a0\u00a0\u00a0 1er\u00a0\u00a0 semestre Automne de 2020 Hiver 2021 Printemps 2021 Septembre 2021 Rencontre des forces vives du centre social. Temps d\u2019\u00e9valuation collective &nbsp; Collecte paroles habitants D\u00e9finitions des orientations &nbsp; \u00c9criture collective Pr\u00e9sentation \u00e0 la Caf pour agr\u00e9ment<\/p>\n","protected":false},"author":1,"featured_media":0,"comment_status":"open","ping_status":"open","sticky":false,"template":"","format":"standard","meta":{"footnotes":""},"categories":[9],"tags":[],"class_list":["post-438","post","type-post","status-publish","format-standard","hentry","category-projet"],"_links":{"self":[{"href":"https:\/\/ag2020.csvennes.fr\/index.php?rest_route=\/wp\/v2\/posts\/438","targetHints":{"allow":["GET"]}}],"collection":[{"href":"https:\/\/ag2020.csvennes.fr\/index.php?rest_route=\/wp\/v2\/posts"}],"about":[{"href":"https:\/\/ag2020.csvennes.fr\/index.php?rest_route=\/wp\/v2\/types\/post"}],"author":[{"embeddable":true,"href":"https:\/\/ag2020.csvennes.fr\/index.php?rest_route=\/wp\/v2\/users\/1"}],"replies":[{"embeddable":true,"href":"https:\/\/ag2020.csvennes.fr\/index.php?rest_route=%2Fwp%2Fv2%2Fcomments&post=438"}],"version-history":[{"count":2,"href":"https:\/\/ag2020.csvennes.fr\/index.php?rest_route=\/wp\/v2\/posts\/438\/revisions"}],"predecessor-version":[{"id":443,"href":"https:\/\/ag2020.csvennes.fr\/index.php?rest_route=\/wp\/v2\/posts\/438\/revisions\/443"}],"wp:attachment":[{"href":"https:\/\/ag2020.csvennes.fr\/index.php?rest_route=%2Fwp%2Fv2%2Fmedia&parent=438"}],"wp:term":[{"taxonomy":"category","embeddable":true,"href":"https:\/\/ag2020.csvennes.fr\/index.php?rest_route=%2Fwp%2Fv2%2Fcategories&post=438"},{"taxonomy":"post_tag","embeddable":true,"href":"https:\/\/ag2020.csvennes.fr\/index.php?rest_route=%2Fwp%2Fv2%2Ftags&post=438"}],"curies":[{"name":"wp","href":"https:\/\/api.w.org\/{rel}","templated":true}]}}