{"id":290,"date":"2020-09-25T12:17:21","date_gmt":"2020-09-25T12:17:21","guid":{"rendered":"https:\/\/projet.csvennes.fr\/?p=290"},"modified":"2020-09-25T12:17:25","modified_gmt":"2020-09-25T12:17:25","slug":"rapport-moral-et-orientation","status":"publish","type":"post","link":"https:\/\/ag2020.csvennes.fr\/?p=290","title":{"rendered":"Rapport moral et orientation"},"content":{"rendered":"\n<p><\/p>\n\n\n\n<p>C\u2019est vrai, cette &nbsp;Assembl\u00e9e G\u00e9n\u00e9rale (AG) n\u2019est pas&nbsp; comme les autres&nbsp;! A cause du CORONAVIRUS bien-s\u00fbr&nbsp;! <\/p>\n\n\n\n<p>En tant qu\u2019adh\u00e9rent et\/ou partenaire en 2019, vous avez re\u00e7u une invitation \u00e0 notre AG par SMS . Faire une AG est obligatoire pour notre Centre.<\/p>\n\n\n\n<p>A cause de la situation sanitaire, nous avons imagin\u00e9 faire ce blog (projet.csvennes.fr) qui vous a permis, nous l\u2019esp\u00e9rons, de d\u00e9couvrir les rapports financier et d\u2019activit\u00e9s, nos nouveaux statuts, et les administrateurs qui se pr\u00e9sentent. Les votes qui se font habituellement pendant l&rsquo;AG, sont eux aussi un peu bouscul\u00e9s&nbsp;! Il vous faudra venir au Centre Social pour r\u00e9cup\u00e9rer les bulletins et voter. Les votes d\u00e9montrent l\u2019int\u00e9r\u00eat&nbsp; que les adh\u00e9rents&nbsp; portent \u00e0 leur Association, m\u00eame s\u2019il y a d\u2019autres fa\u00e7ons de s\u2019investir&nbsp;! Nous comptons sur votre engagement.<\/p>\n\n\n\n<p class=\"has-black-color has-text-color\">Vous pourrez par la m\u00eame occasion, renouveler votre adh\u00e9sion, (une association a besoin de pouvoir d\u00e9nombrer ses adh\u00e9rents, et pouvoir les contacter !), vous renseigner sur ce qui va reprendre ou non au Centre, \u00e9changer sur le b\u00e9n\u00e9volat !<\/p>\n\n\n\n<p>Notre AG porte sur l\u2019ann\u00e9e 2019. Le rapport financier&nbsp; ne concerne que l\u2019Association, mais le rapport d\u2019activit\u00e9s et tout le travail pr\u00e9sent\u00e9 sur les blog \u00ab\u00a0gardonslelien.csvennes\u00a0\u00bb, \u00ab\u00a0projet.csvennes\u00a0\u00bb,sur le site du Centre Social et sur \u00ab\u00a0\u2018Facebook\u00a0\u00bb, associent grandement les salari\u00e9s du&nbsp; Centre aux administrateurs et aux b\u00e9n\u00e9voles.<\/p>\n\n\n\n<p class=\"has-black-color has-text-color\"> Nos statuts n&rsquo;avaient pas chang\u00e9 depuis la cr\u00e9ation de l&rsquo;Association en 1975, avec juste un avenant en 1985. Il \u00e9tait n\u00e9cessaire de les revoir. 4 Administrateurs, le Directeur, avec l&rsquo;aide pr\u00e9cieuse de la F\u00e9d\u00e9ration des Centres sociaux de l&rsquo;Ain, ont permis leur refonte. Rappelons simplement ici 3 points importants majeurs dans ces statuts:<\/p>\n\n\n\n<p><strong>1- Le but<\/strong> : Cette Association a pour but de porter et de g\u00e9rer le projet du Centre Social avec les habitants du territoire. Elle s\u2019adresse d\u2019abord \u00e0 tous les habitants du territoire et plus largement \u00e0 toute personne concern\u00e9e par la vie sociale locale.<\/p>\n\n\n\n<p>Vous avez dit: PROJET ? Le dernier projet (2017-2020) d\u00e9pos\u00e9 par notre Centre est consultable sur le blog. <\/p>\n\n\n\n<p>L&rsquo;Association s\u2019appuie sur des valeurs&nbsp;et principes :<\/p>\n\n\n\n<p>Le respect de la personne, la solidarit\u00e9, la d\u00e9mocratie, la la\u00efcit\u00e9.<\/p>\n\n\n\n<p>Ces valeurs sont d\u00e9taill\u00e9es dans la charte nationale des Centres Sociaux de France.<\/p>\n\n\n\n<p><strong>2- Le nom<\/strong> : L\u2019association s&rsquo;intitulait jusqu&rsquo;\u00e0 pr\u00e9sent \u02baAssociation des&nbsp; usagers du centre social des Vennes\u02ba. Elle devient plus simplement : <strong>Association du Centre Social des Vennes<\/strong>&nbsp; <strong>(ACSV).<\/strong><\/p>\n\n\n\n<p>Le mot \u00ab\u00a0usagers\u00a0\u00bb&lsquo; ne nous semble plus tr\u00e8s adapt\u00e9.<\/p>\n\n\n\n<p><strong>3- La gouvernance :<\/strong><\/p>\n\n\n\n<p>Depuis 2 ans, nous n&rsquo;avons plus de pr\u00e9sident(e), tr\u00e9sorier, secr\u00e9taire&#8230;nous avons chang\u00e9 notre \u00ab\u00a0gouvernance\u00a0\u00bb pour \u00e9viter la lourdeur, parfois, du poste de pr\u00e9sident, et pour permettre aux administrateurs de s&rsquo;investir en fonction de leurs disponibilit\u00e9s, de leurs comp\u00e9tences (qui peuvent s&rsquo;acqu\u00e9rir au fil du temps, avec des formations possibles).<\/p>\n\n\n\n<p>Les modalit\u00e9s de r\u00e9partition de la gouvernance, ainsi que toute disposition particuli\u00e8re, sont pr\u00e9vues et vot\u00e9es lors du Conseil suivant l\u2019Assembl\u00e9e G\u00e9n\u00e9rale.<\/p>\n\n\n\n<p>Le Conseil d\u00e9l\u00e8gue \u00e0 ses membres des domaines de responsabilit\u00e9 permettant le fonctionnement r\u00e9glementaire de l\u2019Association. <\/p>\n\n\n\n<p>Un rapport moral est cens\u00e9 donner la \u00ab\u00a0temp\u00e9rature\u00a0\u00bb\u2026 quelle est l\u2019ambiance actuelle sur notre territoire Centre Social. Est-ce que l\u2019ann\u00e9e 2019 nous a plut\u00f4t satisfaits ou d\u00e9\u00e7us&nbsp;? Il doit donner aussi quelques \u00ab\u00a0orientations\u00a0\u00bb. Tout cela, au risque de surprendre, de d\u00e9plaire\u2026<\/p>\n\n\n\n<p>Tout d\u2019abord nous souhaitons remercier quelques administrateurs qui nous quittent: Josette Ch, Emanuele, Mathias, Martine, Christine. Chacun, chacune, a ses raisons et nous les respectons. Ils ont fait leur part, nous le savons, et c&rsquo;est bien l\u00e0 l&rsquo;essentiel. Et la Covid  n&rsquo;a pas facilit\u00e9 les choses ! Bonne route \u00e0 eux, et la porte du Centre leur reste grande ouverte.<\/p>\n\n\n\n<p>Si vous avez parcouru le rapport d&rsquo;activit\u00e9s, vous avez pu constater que bien des rencontres \u00ab\u00a0hors les murs\u00a0\u00bb ont eu lieu en 2019. Bravo aux salari\u00e9s, b\u00e9n\u00e9voles et partenaires qui ont permis ces belles rencontres. <\/p>\n\n\n\n<p>L\u2019Association&nbsp; et le Centre ont suivi l\u2019\u00e9volution du quartier JJ Rousseau&nbsp;: d\u00e9molition, reconstruction &nbsp;d\u2019un 1<sup>er<\/sup> immeuble, mais l\u00e0 aussi la Covid a tout ralenti\u2026 Beaucoup de familles ont quitt\u00e9 les prochains immeubles \u00e0 d\u00e9truire. Nous gardons le contact avec certains. Il reste cependant quelques familles qui n\u2019ont pas encore \u00e9t\u00e9 relog\u00e9es, et pour qui la vie est dure car des squatteurs se sont install\u00e9s et rendent la vie tr\u00e8s compliqu\u00e9e&nbsp;!<\/p>\n\n\n\n<p>Nous esp\u00e9rons que le bailleur social, Bourg Habitat, fait le maximum, et qu\u2019une fois les derniers d\u00e9m\u00e9nagements faits, les vieux immeubles seront vite d\u00e9truits pour ramener un peu de calme dans ce quartier.<\/p>\n\n\n\n<p>Un sujet de pr\u00e9occupation&nbsp;: la Caisse d\u2019Allocation de l\u2019Ain (CAF) nous a annonc\u00e9 il y a un peu plus d\u2019un an, qu\u2019elle va se retirer de la gestion des Centres Sociaux en Gestion Directe. Nous sommes 3 Centres concern\u00e9s \u00e0 Bourg: la Reyssouze, Am\u00e9d\u00e9e Mercier et les Vennes, et le Centre Oyonnax Ouest. L&rsquo;\u00e9ch\u00e9ance n&rsquo;est pas encore annonc\u00e9e, mais pour nos Conseils d&rsquo;Administration, pour nos salari\u00e9s, le questionnement a commenc\u00e9. Nous souhaiterions continuer cette r\u00e9flexion en la partageant avec la CAF et la Ville, nos financeurs principaux, et avec nos partenaires: la F\u00e9d\u00e9ration des Centres Sociaux de l&rsquo;Ain, les autres Centres Sociaux&#8230;<\/p>\n\n\n\n<p>Encore un sujet de pr\u00e9occupation&nbsp;: le prochain d\u00e9part \u00e0 la retraite d&rsquo;un m\u00e9decin du quartier! Qui pour le remplacer ? L&rsquo;id\u00e9e d&rsquo;une Maison de Sant\u00e9 aux Vennes fait son chemin, id\u00e9e lanc\u00e9e par le Conseil Citoyen. Nous serons au c\u00f4t\u00e9 du Conseil Citoyen et des habitants du territoire pour voir ce projet r\u00e9ussir. <\/p>\n\n\n\n<p>En conclusion : le Centre et l&rsquo;Association existent bien pour soutenir les habitants dans leurs mobilisations, les aider \u00e0 s&rsquo;organiser autour d&rsquo;une juste cause et faire valoir leurs demandes aupr\u00e8s des institutions.<\/p>\n\n\n\n<p>Pour cela nous avons besoin d&rsquo;administrateurs \u00ab\u00a0militants\u00a0\u00bb, \u00e9clair\u00e9s, repr\u00e9sentatifs, remplis de patience et de pertinence, car animer la vie sociale d&rsquo;un territoire n&rsquo;est pas toujours chose facile ! Il faut beaucoup d&rsquo;\u00e9nergie ! Mais quand la r\u00e9ussite est au rendez-vous, comme cela fait du bien \u00e0 tous !<\/p>\n\n\n\n<p>Ne prenez pas peur , \u00ab\u00a0futurs administrateurs\u00a0\u00bb, on n&rsquo;est pas oblig\u00e9 d&rsquo;avoir toutes ces qualit\u00e9s en m\u00eame temps !! L&rsquo;important c&rsquo;est d&rsquo;\u00eatre plus nombreux, pour partager les t\u00e2ches, avoir encore plus d&rsquo;id\u00e9es et rajeunir ce conseil. La jeunesse existe aux Vennes, peut-\u00eatre faut-il inventer avec elle  de nouveaux modes de fonctionnement dans notre CA ? Communiquer davantage \u00e0 distance gr\u00e2ce au num\u00e9rique. Les jeunes parents qui travaillent, les \u00e9tudiants, y trouveraient-ils  mieux leur place? Et le temps qui nous manque souvent ?  Sujet \u00e0 approfondir !<\/p>\n\n\n\n<p><\/p>\n\n\n\n<p>Encore un grand merci \u00e0 notre \u00e9quipe de PROFESSIONNELS et \u00e0 la F\u00e9d\u00e9ration qui nous ouvre des horizons gr\u00e2ce au r\u00e9seau d\u00e9partemental, r\u00e9gional et national. Les initiatives d&rsquo;habitants ne manquent pas et les Centres Sociaux sont de sacr\u00e9s leviers pour accompagner leur pouvoir d&rsquo;agir !<\/p>\n\n\n\n<p>Une citation qui semble coller \u00e0 notre \u00e9poque: \u00ab\u00a0il faut se concentrer sur ce qu&rsquo;il nous reste, et non sur ce qu&rsquo;on a perdu\u00a0\u00bb <\/p>\n\n\n\n<p class=\"has-black-color has-text-color\">Le projet (2017-2020) se termine&#8230; Sans projet, pas d&rsquo;agr\u00e9ment \u00ab\u00a0Centre Social\u00a0\u00bb ! Le prochain projet est en train de s&rsquo;\u00e9crire, avec vous, il sera d\u00e9pos\u00e9 en 2021. Avec l&rsquo;animation de ce soir&#8230; si la pluie ne s&rsquo;invite pas ? nous allons construire avec vous un des th\u00e8mes du futur projet.<\/p>\n\n\n\n<p>4 administrateurs t\u00e9moignent&#8230;<\/p>\n\n\n\n<figure class=\"wp-block-video\"><video controls src=\"https:\/\/projet.csvennes.fr\/wp-content\/uploads\/2020\/09\/Temoignage-Claudine.mp4\"><\/video><\/figure>\n\n\n\n<figure class=\"wp-block-video\"><video controls src=\"https:\/\/projet.csvennes.fr\/wp-content\/uploads\/2020\/09\/Temoignage-dEric-V2.mp4\"><\/video><\/figure>\n\n\n\n<figure class=\"wp-block-video\"><video controls src=\"https:\/\/projet.csvennes.fr\/wp-content\/uploads\/2020\/09\/Temoignage-de-Monique.mp4\"><\/video><\/figure>\n\n\n\n<figure class=\"wp-block-video\"><video controls src=\"https:\/\/projet.csvennes.fr\/wp-content\/uploads\/2020\/09\/Temoignage-Colette.mp4\"><\/video><\/figure>\n\n\n\n<p><\/p>\n\n\n\n<p><\/p>\n\n\n\n<p><\/p>\n\n\n\n<p><\/p>\n","protected":false},"excerpt":{"rendered":"<p>C\u2019est vrai, cette &nbsp;Assembl\u00e9e G\u00e9n\u00e9rale (AG) n\u2019est pas&nbsp; comme les autres&nbsp;! A cause du CORONAVIRUS bien-s\u00fbr&nbsp;! En tant qu\u2019adh\u00e9rent et\/ou partenaire en 2019, vous avez re\u00e7u une invitation \u00e0 notre AG par SMS . Faire une AG est obligatoire pour <a class=\"more-link\" href=\"https:\/\/ag2020.csvennes.fr\/?p=290\">Continuer la lecture <span class=\"screen-reader-text\">  Rapport moral et orientation<\/span><span class=\"meta-nav\">&rarr;<\/span><\/a><\/p>\n","protected":false},"author":7,"featured_media":0,"comment_status":"open","ping_status":"open","sticky":false,"template":"","format":"standard","meta":{"footnotes":""},"categories":[7],"tags":[],"class_list":["post-290","post","type-post","status-publish","format-standard","hentry","category-moral"],"_links":{"self":[{"href":"https:\/\/ag2020.csvennes.fr\/index.php?rest_route=\/wp\/v2\/posts\/290","targetHints":{"allow":["GET"]}}],"collection":[{"href":"https:\/\/ag2020.csvennes.fr\/index.php?rest_route=\/wp\/v2\/posts"}],"about":[{"href":"https:\/\/ag2020.csvennes.fr\/index.php?rest_route=\/wp\/v2\/types\/post"}],"author":[{"embeddable":true,"href":"https:\/\/ag2020.csvennes.fr\/index.php?rest_route=\/wp\/v2\/users\/7"}],"replies":[{"embeddable":true,"href":"https:\/\/ag2020.csvennes.fr\/index.php?rest_route=%2Fwp%2Fv2%2Fcomments&post=290"}],"version-history":[{"count":27,"href":"https:\/\/ag2020.csvennes.fr\/index.php?rest_route=\/wp\/v2\/posts\/290\/revisions"}],"predecessor-version":[{"id":413,"href":"https:\/\/ag2020.csvennes.fr\/index.php?rest_route=\/wp\/v2\/posts\/290\/revisions\/413"}],"wp:attachment":[{"href":"https:\/\/ag2020.csvennes.fr\/index.php?rest_route=%2Fwp%2Fv2%2Fmedia&parent=290"}],"wp:term":[{"taxonomy":"category","embeddable":true,"href":"https:\/\/ag2020.csvennes.fr\/index.php?rest_route=%2Fwp%2Fv2%2Fcategories&post=290"},{"taxonomy":"post_tag","embeddable":true,"href":"https:\/\/ag2020.csvennes.fr\/index.php?rest_route=%2Fwp%2Fv2%2Ftags&post=290"}],"curies":[{"name":"wp","href":"https:\/\/api.w.org\/{rel}","templated":true}]}}