{"id":288,"date":"2020-09-21T15:16:28","date_gmt":"2020-09-21T15:16:28","guid":{"rendered":"https:\/\/projet.csvennes.fr\/?p=288"},"modified":"2020-09-21T17:40:09","modified_gmt":"2020-09-21T17:40:09","slug":"a-lecoute-des-parents","status":"publish","type":"post","link":"https:\/\/ag2020.csvennes.fr\/?p=288","title":{"rendered":"A l&rsquo;\u00e9coute des parents"},"content":{"rendered":"\n<p>La parentalit\u00e9 d\u00e9signe l\u2019ensemble des fa\u00e7ons d\u2019\u00eatre et de vivre le fait d\u2019\u00eatre parent. Au centre social, des actions ont \u00e9t\u00e9 men\u00e9es afin de soutenir la parentalit\u00e9. En fonction des directives gouvernementales, le Centre Social a essay\u00e9 de s\u2019adapter au mieux pour r\u00e9pondre aux besoins des habitants. Deux grands projets se sont alors organis\u00e9s&nbsp;:<\/p>\n\n\n\n<ul class=\"wp-block-list\" type=\"1\"><li>\u00ab&nbsp;Enfants \u00e9panouis \u2013 Parents \u00e9panouis&nbsp;\u00bb&nbsp;:<\/li><\/ul>\n\n\n\n<p>Permettre aux parents et enfants de passer du temps ensemble \u00e9tait l\u2019un des premiers objectifs. Tout en accompagnant le parent dans son r\u00f4le parental, il \u00e9tait important de montrer que l\u2019enfant est capable et qu\u2019il&nbsp; peut \u00eatre mobilis\u00e9 dans les pratiques familiales. Dans ce cadre, un atelier cuisine enfants\/parents a \u00e9t\u00e9 mis en place en partenariat avec l\u2019\u00c9picerie solidaire au March\u00e9 Cont\u00e9.<\/p>\n\n\n\n<p>D\u2019autres temps ont \u00e9t\u00e9 consacr\u00e9s \u00e0 ces \u00e9changes parents\/enfants et sous diff\u00e9rentes formes&nbsp;: apr\u00e8s-midi jeux en famille, exposition \u00ab&nbsp;Mais qu\u2019est ce qui se passe dans sa p\u2019tite t\u00eate&nbsp;\u00bb, fabrication de marionnettes avec la compagnie Arnica..<\/p>\n\n\n\n<ul class=\"wp-block-list\"><li>\u00ab&nbsp;Accompagner les parents d\u2019adolescents&nbsp;\u00bb&nbsp;:<\/li><\/ul>\n\n\n\n<p>Cette deuxi\u00e8me grande action s\u2019est d\u00e9coup\u00e9e en plusieurs temps. Tout d\u2019abord les ateliers com@dos ont \u00e9t\u00e9 poursuivis en collaboration avec Couples et Familles. \u00c9tant impossible de se regrouper afin de mener \u00e0 bien certaines actions, le centre social \u00e0 r\u00e9adapt\u00e9 son fonctionnement pour qu\u2019il y ait toujours une continuit\u00e9. Des appels r\u00e9guliers se sont mis en place avec les parents d\u2019adolescents durant le confinement, permettant d\u2019\u00eatre toujours \u00e0 leur \u00e9coute. Mais aussi des quizz visio, des initiations \u00e0 l\u2019outil num\u00e9rique, des jeux en famille, un stand d\u00e9couverte de la Robotique avec Altec, des permanences \u00e0 la sortie du coll\u00e8ge, etc. Une soir\u00e9e impros d\u00e9bats sur les Relations parents-ados a \u00e9galement eu lieu le 15 novembre 2018. Elle a r\u00e9uni une soixantaine de personnes du quartier et de Bourg. Des sayn\u00e8tes ont \u00e9t\u00e9 jou\u00e9es par des acteurs sur diff\u00e9rents th\u00e8mes (relations filles\/gar\u00e7on\u00a0; addiction aux \u00e9crans\u00a0; fracture num\u00e9rique : quand les ados apprennent \u00e0 leurs parents\u00a0; cannabis, alcool\u00a0; conflits d\u2019ados\/harc\u00e8lement).<\/p>\n\n\n\n<p>Dans cette dynamique, le partage et l\u2019\u00e9change entre les participants \u00e9tait omnipr\u00e9sent.<\/p>\n","protected":false},"excerpt":{"rendered":"<p>La parentalit\u00e9 d\u00e9signe l\u2019ensemble des fa\u00e7ons d\u2019\u00eatre et de vivre le fait d\u2019\u00eatre parent. Au centre social, des actions ont \u00e9t\u00e9 men\u00e9es afin de soutenir la parentalit\u00e9. En fonction des directives gouvernementales, le Centre Social a essay\u00e9 de s\u2019adapter au <a class=\"more-link\" href=\"https:\/\/ag2020.csvennes.fr\/?p=288\">Continuer la lecture <span class=\"screen-reader-text\">  A l&rsquo;\u00e9coute des parents<\/span><span class=\"meta-nav\">&rarr;<\/span><\/a><\/p>\n","protected":false},"author":4,"featured_media":0,"comment_status":"open","ping_status":"open","sticky":false,"template":"","format":"standard","meta":{"footnotes":""},"categories":[5],"tags":[],"class_list":["post-288","post","type-post","status-publish","format-standard","hentry","category-activites"],"_links":{"self":[{"href":"https:\/\/ag2020.csvennes.fr\/index.php?rest_route=\/wp\/v2\/posts\/288","targetHints":{"allow":["GET"]}}],"collection":[{"href":"https:\/\/ag2020.csvennes.fr\/index.php?rest_route=\/wp\/v2\/posts"}],"about":[{"href":"https:\/\/ag2020.csvennes.fr\/index.php?rest_route=\/wp\/v2\/types\/post"}],"author":[{"embeddable":true,"href":"https:\/\/ag2020.csvennes.fr\/index.php?rest_route=\/wp\/v2\/users\/4"}],"replies":[{"embeddable":true,"href":"https:\/\/ag2020.csvennes.fr\/index.php?rest_route=%2Fwp%2Fv2%2Fcomments&post=288"}],"version-history":[{"count":4,"href":"https:\/\/ag2020.csvennes.fr\/index.php?rest_route=\/wp\/v2\/posts\/288\/revisions"}],"predecessor-version":[{"id":330,"href":"https:\/\/ag2020.csvennes.fr\/index.php?rest_route=\/wp\/v2\/posts\/288\/revisions\/330"}],"wp:attachment":[{"href":"https:\/\/ag2020.csvennes.fr\/index.php?rest_route=%2Fwp%2Fv2%2Fmedia&parent=288"}],"wp:term":[{"taxonomy":"category","embeddable":true,"href":"https:\/\/ag2020.csvennes.fr\/index.php?rest_route=%2Fwp%2Fv2%2Fcategories&post=288"},{"taxonomy":"post_tag","embeddable":true,"href":"https:\/\/ag2020.csvennes.fr\/index.php?rest_route=%2Fwp%2Fv2%2Ftags&post=288"}],"curies":[{"name":"wp","href":"https:\/\/api.w.org\/{rel}","templated":true}]}}