{"id":285,"date":"2020-09-21T12:18:17","date_gmt":"2020-09-21T12:18:17","guid":{"rendered":"https:\/\/projet.csvennes.fr\/?p=285"},"modified":"2020-09-22T15:47:20","modified_gmt":"2020-09-22T15:47:20","slug":"detail-des-comptes","status":"publish","type":"post","link":"https:\/\/ag2020.csvennes.fr\/?p=285","title":{"rendered":"D\u00e9tail des comptes"},"content":{"rendered":"\n<p>La synth\u00e8se du compte de r\u00e9sultat sous son format r\u00e8glementaire<\/p>\n\n\n\n<figure class=\"wp-block-image size-large\"><img loading=\"lazy\" decoding=\"async\" width=\"1024\" height=\"724\" src=\"https:\/\/projet.csvennes.fr\/wp-content\/uploads\/2020\/09\/compte-de-resultat-2019-1-e1600788719983-1024x724.jpg\" alt=\"\" class=\"wp-image-355\" srcset=\"https:\/\/ag2020.csvennes.fr\/wp-content\/uploads\/2020\/09\/compte-de-resultat-2019-1-e1600788719983-1024x724.jpg 1024w, https:\/\/ag2020.csvennes.fr\/wp-content\/uploads\/2020\/09\/compte-de-resultat-2019-1-e1600788719983-300x212.jpg 300w, https:\/\/ag2020.csvennes.fr\/wp-content\/uploads\/2020\/09\/compte-de-resultat-2019-1-e1600788719983-768x543.jpg 768w, https:\/\/ag2020.csvennes.fr\/wp-content\/uploads\/2020\/09\/compte-de-resultat-2019-1-e1600788719983-1536x1086.jpg 1536w, https:\/\/ag2020.csvennes.fr\/wp-content\/uploads\/2020\/09\/compte-de-resultat-2019-1-e1600788719983.jpg 1754w\" sizes=\"auto, (max-width: 1024px) 100vw, 1024px\" \/><\/figure>\n\n\n\n<p>Ou \u00e0  t\u00e9l\u00e9charger <strong><a href=\"https:\/\/projet.csvennes.fr\/wp-content\/uploads\/2020\/09\/compte-de-resultat-2019.pdf\" target=\"_blank\" rel=\"noreferrer noopener\">ici en pdf<\/a><\/strong><\/p>\n\n\n\n<p><\/p>\n\n\n\n<p>avec le d\u00e9tail des comptes \u00e0 partir de la balance annuelle<\/p>\n\n\n\n<figure class=\"wp-block-image size-large\"><img loading=\"lazy\" decoding=\"async\" width=\"724\" height=\"1024\" src=\"https:\/\/projet.csvennes.fr\/wp-content\/uploads\/2020\/09\/detailts-des-comptes-2019-724x1024.jpg\" alt=\"\" class=\"wp-image-335\" srcset=\"https:\/\/ag2020.csvennes.fr\/wp-content\/uploads\/2020\/09\/detailts-des-comptes-2019-724x1024.jpg 724w, https:\/\/ag2020.csvennes.fr\/wp-content\/uploads\/2020\/09\/detailts-des-comptes-2019-212x300.jpg 212w, https:\/\/ag2020.csvennes.fr\/wp-content\/uploads\/2020\/09\/detailts-des-comptes-2019-768x1086.jpg 768w, https:\/\/ag2020.csvennes.fr\/wp-content\/uploads\/2020\/09\/detailts-des-comptes-2019-1086x1536.jpg 1086w, https:\/\/ag2020.csvennes.fr\/wp-content\/uploads\/2020\/09\/detailts-des-comptes-2019.jpg 1240w\" sizes=\"auto, (max-width: 724px) 100vw, 724px\" \/><\/figure>\n\n\n\n<p><\/p>\n\n\n\n<p>La synth\u00e8se du bilan annuel sous son format r\u00e8glementaire<\/p>\n\n\n\n<figure class=\"wp-block-image size-large\"><img loading=\"lazy\" decoding=\"async\" width=\"1024\" height=\"724\" src=\"https:\/\/projet.csvennes.fr\/wp-content\/uploads\/2020\/09\/bilan-2019-e1600788892191-1024x724.jpg\" alt=\"\" class=\"wp-image-358\" srcset=\"https:\/\/ag2020.csvennes.fr\/wp-content\/uploads\/2020\/09\/bilan-2019-e1600788892191-1024x724.jpg 1024w, https:\/\/ag2020.csvennes.fr\/wp-content\/uploads\/2020\/09\/bilan-2019-e1600788892191-300x212.jpg 300w, https:\/\/ag2020.csvennes.fr\/wp-content\/uploads\/2020\/09\/bilan-2019-e1600788892191-768x543.jpg 768w, https:\/\/ag2020.csvennes.fr\/wp-content\/uploads\/2020\/09\/bilan-2019-e1600788892191-1536x1086.jpg 1536w, https:\/\/ag2020.csvennes.fr\/wp-content\/uploads\/2020\/09\/bilan-2019-e1600788892191.jpg 1754w\" sizes=\"auto, (max-width: 1024px) 100vw, 1024px\" \/><\/figure>\n\n\n\n<p>Le bilan \u00e0 t\u00e9l\u00e9charger <strong><a href=\"https:\/\/projet.csvennes.fr\/wp-content\/uploads\/2020\/09\/bilan-2019.pdf\" target=\"_blank\" rel=\"noreferrer noopener\">ici en pdf<\/a><\/strong><\/p>\n\n\n\n<p><\/p>\n\n\n\n<p><\/p>\n","protected":false},"excerpt":{"rendered":"<p>La synth\u00e8se du compte de r\u00e9sultat sous son format r\u00e8glementaire Ou \u00e0 t\u00e9l\u00e9charger ici en pdf avec le d\u00e9tail des comptes \u00e0 partir de la balance annuelle La synth\u00e8se du bilan annuel sous son format r\u00e8glementaire Le bilan \u00e0 t\u00e9l\u00e9charger <a class=\"more-link\" href=\"https:\/\/ag2020.csvennes.fr\/?p=285\">Continuer la lecture <span class=\"screen-reader-text\">  D\u00e9tail des comptes<\/span><span class=\"meta-nav\">&rarr;<\/span><\/a><\/p>\n","protected":false},"author":1,"featured_media":0,"comment_status":"open","ping_status":"open","sticky":false,"template":"","format":"standard","meta":{"footnotes":""},"categories":[1],"tags":[],"class_list":["post-285","post","type-post","status-publish","format-standard","hentry","category-uncategorized"],"_links":{"self":[{"href":"https:\/\/ag2020.csvennes.fr\/index.php?rest_route=\/wp\/v2\/posts\/285","targetHints":{"allow":["GET"]}}],"collection":[{"href":"https:\/\/ag2020.csvennes.fr\/index.php?rest_route=\/wp\/v2\/posts"}],"about":[{"href":"https:\/\/ag2020.csvennes.fr\/index.php?rest_route=\/wp\/v2\/types\/post"}],"author":[{"embeddable":true,"href":"https:\/\/ag2020.csvennes.fr\/index.php?rest_route=\/wp\/v2\/users\/1"}],"replies":[{"embeddable":true,"href":"https:\/\/ag2020.csvennes.fr\/index.php?rest_route=%2Fwp%2Fv2%2Fcomments&post=285"}],"version-history":[{"count":9,"href":"https:\/\/ag2020.csvennes.fr\/index.php?rest_route=\/wp\/v2\/posts\/285\/revisions"}],"predecessor-version":[{"id":362,"href":"https:\/\/ag2020.csvennes.fr\/index.php?rest_route=\/wp\/v2\/posts\/285\/revisions\/362"}],"wp:attachment":[{"href":"https:\/\/ag2020.csvennes.fr\/index.php?rest_route=%2Fwp%2Fv2%2Fmedia&parent=285"}],"wp:term":[{"taxonomy":"category","embeddable":true,"href":"https:\/\/ag2020.csvennes.fr\/index.php?rest_route=%2Fwp%2Fv2%2Fcategories&post=285"},{"taxonomy":"post_tag","embeddable":true,"href":"https:\/\/ag2020.csvennes.fr\/index.php?rest_route=%2Fwp%2Fv2%2Ftags&post=285"}],"curies":[{"name":"wp","href":"https:\/\/api.w.org\/{rel}","templated":true}]}}