{"id":268,"date":"2020-09-18T16:31:21","date_gmt":"2020-09-18T16:31:21","guid":{"rendered":"https:\/\/projet.csvennes.fr\/?p=268"},"modified":"2020-09-21T17:13:45","modified_gmt":"2020-09-21T17:13:45","slug":"les-permanences-numeriques","status":"publish","type":"post","link":"https:\/\/ag2020.csvennes.fr\/?p=268","title":{"rendered":"Les permanences num\u00e9riques"},"content":{"rendered":"\n<p>Nous proposons des permanences num\u00e9riques depuis pr\u00e8s de 20 ans au Centre Social  car il y a des besoins dans le quartier. Nous faisons cela avec nos moyens, d&#8217;emplois aid\u00e9s en emplois aid\u00e9s, avec du mat\u00e9riel de r\u00e9cup\u00e9ration, reconditionn\u00e9 ou assembl\u00e9.<\/p>\n\n\n\n<p>En 2019 nous avons essay\u00e9 de mutualiser un poste de m\u00e9diateur num\u00e9rique avec les centres sociaux de la Reyssouze et d&rsquo;Am\u00e9d\u00e9e Mercier. <\/p>\n\n\n\n<p>Une situation difficile pour un m\u00e9diateur ballot\u00e9 entre les 3 structures, faisant de son mieux pour faire partie int\u00e9grante de l&rsquo;\u00e9quipe, du fait d&rsquo;une pr\u00e9sence limit\u00e9e. Le m\u00e9diateur n&rsquo;a pas \u00e9t\u00e9 en mesure de tenir un tableau de bord refl\u00e9tant son activit\u00e9, et au final n&rsquo;a pas souhait\u00e9 conserver ce poste. Son activit\u00e9 s&rsquo;est beaucoup concentr\u00e9e sur les temps d&rsquo;atelier CV et d&rsquo;acc\u00e8s aux portails num\u00e9riques (accompagnement de 6 personnes par semaine sur 1.5 jour de pr\u00e9sence par semaine.)<\/p>\n\n\n\n<p>Une situation difficile pour l&rsquo;\u00e9quipe qui a d\u00fb souvent r\u00e9pondre aux sollicitations des habitants en dehors des temps de pr\u00e9sence du m\u00e9diateur. <\/p>\n\n\n\n<p>Nous avons donc fait le choix pour 2020 de revenir sur un plein temps en embauchant un salari\u00e9 sur une dur\u00e9e limit\u00e9e (toujours la question des moyens) mutualis\u00e9 sur les temps de m\u00e9diation num\u00e9rique, d&rsquo;atelier CV avec les Points Infos Emplois, d&rsquo;accompagnement scolaire, et de communication. La possibilit\u00e9 de proposer un contrat d&rsquo;apprentissage sur une Certification de Qualification Professionnelle  \u00ab\u00a0m\u00e9diateur num\u00e9rique\u00a0\u00bb \u00e0 l&rsquo;ADEA va nous permettre de prolonger cette activit\u00e9 en 2020 et 2021<\/p>\n\n\n\n<figure class=\"wp-block-image size-large\"><img loading=\"lazy\" decoding=\"async\" width=\"724\" height=\"1024\" src=\"https:\/\/projet.csvennes.fr\/wp-content\/uploads\/2020\/09\/EPN-VENNES-724x1024.jpg\" alt=\"\" class=\"wp-image-269\" srcset=\"https:\/\/ag2020.csvennes.fr\/wp-content\/uploads\/2020\/09\/EPN-VENNES-724x1024.jpg 724w, https:\/\/ag2020.csvennes.fr\/wp-content\/uploads\/2020\/09\/EPN-VENNES-212x300.jpg 212w, https:\/\/ag2020.csvennes.fr\/wp-content\/uploads\/2020\/09\/EPN-VENNES-768x1086.jpg 768w, https:\/\/ag2020.csvennes.fr\/wp-content\/uploads\/2020\/09\/EPN-VENNES-1086x1536.jpg 1086w, https:\/\/ag2020.csvennes.fr\/wp-content\/uploads\/2020\/09\/EPN-VENNES.jpg 1240w\" sizes=\"auto, (max-width: 724px) 100vw, 724px\" \/><\/figure>\n\n\n\n<ul class=\"wp-block-list\"><li><\/li><\/ul>\n","protected":false},"excerpt":{"rendered":"<p>Nous proposons des permanences num\u00e9riques depuis pr\u00e8s de 20 ans au Centre Social car il y a des besoins dans le quartier. Nous faisons cela avec nos moyens, d&#8217;emplois aid\u00e9s en emplois aid\u00e9s, avec du mat\u00e9riel de r\u00e9cup\u00e9ration, reconditionn\u00e9 ou <a class=\"more-link\" href=\"https:\/\/ag2020.csvennes.fr\/?p=268\">Continuer la lecture <span class=\"screen-reader-text\">  Les permanences num\u00e9riques<\/span><span class=\"meta-nav\">&rarr;<\/span><\/a><\/p>\n","protected":false},"author":5,"featured_media":0,"comment_status":"open","ping_status":"open","sticky":false,"template":"","format":"standard","meta":{"footnotes":""},"categories":[5],"tags":[],"class_list":["post-268","post","type-post","status-publish","format-standard","hentry","category-activites"],"_links":{"self":[{"href":"https:\/\/ag2020.csvennes.fr\/index.php?rest_route=\/wp\/v2\/posts\/268","targetHints":{"allow":["GET"]}}],"collection":[{"href":"https:\/\/ag2020.csvennes.fr\/index.php?rest_route=\/wp\/v2\/posts"}],"about":[{"href":"https:\/\/ag2020.csvennes.fr\/index.php?rest_route=\/wp\/v2\/types\/post"}],"author":[{"embeddable":true,"href":"https:\/\/ag2020.csvennes.fr\/index.php?rest_route=\/wp\/v2\/users\/5"}],"replies":[{"embeddable":true,"href":"https:\/\/ag2020.csvennes.fr\/index.php?rest_route=%2Fwp%2Fv2%2Fcomments&post=268"}],"version-history":[{"count":4,"href":"https:\/\/ag2020.csvennes.fr\/index.php?rest_route=\/wp\/v2\/posts\/268\/revisions"}],"predecessor-version":[{"id":319,"href":"https:\/\/ag2020.csvennes.fr\/index.php?rest_route=\/wp\/v2\/posts\/268\/revisions\/319"}],"wp:attachment":[{"href":"https:\/\/ag2020.csvennes.fr\/index.php?rest_route=%2Fwp%2Fv2%2Fmedia&parent=268"}],"wp:term":[{"taxonomy":"category","embeddable":true,"href":"https:\/\/ag2020.csvennes.fr\/index.php?rest_route=%2Fwp%2Fv2%2Fcategories&post=268"},{"taxonomy":"post_tag","embeddable":true,"href":"https:\/\/ag2020.csvennes.fr\/index.php?rest_route=%2Fwp%2Fv2%2Ftags&post=268"}],"curies":[{"name":"wp","href":"https:\/\/api.w.org\/{rel}","templated":true}]}}