{"id":234,"date":"2020-09-18T13:43:00","date_gmt":"2020-09-18T13:43:00","guid":{"rendered":"https:\/\/projet.csvennes.fr\/?p=234"},"modified":"2020-09-21T17:19:07","modified_gmt":"2020-09-21T17:19:07","slug":"le-projet-et-si-je-racontais-mon-quartier","status":"publish","type":"post","link":"https:\/\/ag2020.csvennes.fr\/?p=234","title":{"rendered":"Le projet \u00ab\u00a0Et si je racontais mon quartier !\u00a0\u00bb"},"content":{"rendered":"\n<p>En 2019, en marge de la r\u00e9habilitation du secteur de la place Jean-Jacques Rousseau \u00e0 la rue Montesquieu par Bourg Habitat, le centre social a mis en place le projet \u00ab\u00a0Et si je racontais mon quartier!\u00a0\u00bb pour collecter et mettre en lumi\u00e8re la m\u00e9moire du quartier avec les habitants, par la r\u00e9alisation d&rsquo;une fresque en collage et d&rsquo;un roman photo.<\/p>\n\n\n\n<p>Le but est de partager et valoriser ce qui fait l\u2019histoire de notre quartier, avec l\u2019ensemble des habitants qui y habitent ou y ont v\u00e9cu.<\/p>\n\n\n\n<p>Des photos ont \u00e9t\u00e9 r\u00e9colt\u00e9es et de nombreux t\u00e9moignages ont \u00e9t\u00e9 recueillis. Ils ont \u00e9t\u00e9 expos\u00e9s un jour de march\u00e9.<\/p>\n\n\n\n<figure class=\"wp-block-image size-large\"><img loading=\"lazy\" decoding=\"async\" width=\"768\" height=\"578\" src=\"https:\/\/projet.csvennes.fr\/wp-content\/uploads\/2020\/09\/marche-1-768x578-1.jpg\" alt=\"\" class=\"wp-image-263\" srcset=\"https:\/\/ag2020.csvennes.fr\/wp-content\/uploads\/2020\/09\/marche-1-768x578-1.jpg 768w, https:\/\/ag2020.csvennes.fr\/wp-content\/uploads\/2020\/09\/marche-1-768x578-1-300x226.jpg 300w\" sizes=\"auto, (max-width: 768px) 100vw, 768px\" \/><\/figure>\n\n\n\n<p>Pendant le confinement, le projet a continu\u00e9 \u00e0 exister gr\u00e2ce aux nombreux articles \u00e9crits sur le blog, sous forme de questions r\u00e9ponses. Le but \u00e9tait de faire (re)d\u00e9couvrir l&rsquo;histoire de personnalit\u00e9s, de structures, de lieux, d&rsquo;animations, ayant marqu\u00e9 l&rsquo;histoire du quartier des Vennes : la Cit\u00e9 Millon, la course de motos, les f\u00eates de quartier&#8230;<\/p>\n\n\n\n<p>Vous pourrez retrouver les articles sur le lien ci-dessous<\/p>\n\n\n\n<p><a href=\"https:\/\/gardonslelien.csvennes.fr\/?cat=62\">https:\/\/gardonslelien.csvennes.fr\/?cat=62<\/a><\/p>\n\n\n\n<p>Cet \u00e9t\u00e9, une fresque a \u00e9t\u00e9 r\u00e9alis\u00e9e au square par des jeunes du quartier sur le th\u00e8me de l&rsquo;histoire des Vennes.  <\/p>\n\n\n\n<figure class=\"wp-block-image size-large\"><img loading=\"lazy\" decoding=\"async\" width=\"768\" height=\"1024\" src=\"https:\/\/projet.csvennes.fr\/wp-content\/uploads\/2020\/09\/IMG_20200715_2125041-1152x1536-1-768x1024.jpg\" alt=\"\" class=\"wp-image-249\" srcset=\"https:\/\/ag2020.csvennes.fr\/wp-content\/uploads\/2020\/09\/IMG_20200715_2125041-1152x1536-1-768x1024.jpg 768w, https:\/\/ag2020.csvennes.fr\/wp-content\/uploads\/2020\/09\/IMG_20200715_2125041-1152x1536-1-225x300.jpg 225w, https:\/\/ag2020.csvennes.fr\/wp-content\/uploads\/2020\/09\/IMG_20200715_2125041-1152x1536-1.jpg 1152w\" sizes=\"auto, (max-width: 768px) 100vw, 768px\" \/><\/figure>\n\n\n\n<p>En cette rentr\u00e9e 2020, un nouveau temps fort et festif sera organis\u00e9 dans le cadre du projet \u00ab\u00a0Et si je racontais mon quartier\u00a0\u00bb.  Un rallye photo : \u00a0\u00bb A la (re)d\u00e9couverte de mon quartier! \u00a0\u00bb aura lieu le dimanche 18 octobre de 14h \u00e0 17h. Les participants vont partir \u00e0 la recherche, \u00e0 pied ou en v\u00e9lo, d&rsquo;\u00e9l\u00e9ments qui font partie de la petite et grande histoire du quartier. Ils vont ainsi (re)d\u00e9couvrir le quartier des Vennes. A la suite de cette animation, les ateliers \u00ab\u00a0conception d&rsquo;un roman photo\u00a0\u00bb et \u00ab\u00a0r\u00e9alisation d&rsquo;une fresque en collage\u00a0\u00bb vont d\u00e9buter. <\/p>\n\n\n\n<figure class=\"wp-block-image size-large\"><img loading=\"lazy\" decoding=\"async\" width=\"724\" height=\"1024\" src=\"https:\/\/projet.csvennes.fr\/wp-content\/uploads\/2020\/09\/Rallye-photo-2-724x1024.jpg\" alt=\"\" class=\"wp-image-258\" srcset=\"https:\/\/ag2020.csvennes.fr\/wp-content\/uploads\/2020\/09\/Rallye-photo-2-724x1024.jpg 724w, https:\/\/ag2020.csvennes.fr\/wp-content\/uploads\/2020\/09\/Rallye-photo-2-212x300.jpg 212w, https:\/\/ag2020.csvennes.fr\/wp-content\/uploads\/2020\/09\/Rallye-photo-2-768x1086.jpg 768w, https:\/\/ag2020.csvennes.fr\/wp-content\/uploads\/2020\/09\/Rallye-photo-2-1086x1536.jpg 1086w, https:\/\/ag2020.csvennes.fr\/wp-content\/uploads\/2020\/09\/Rallye-photo-2.jpg 1240w\" sizes=\"auto, (max-width: 724px) 100vw, 724px\" \/><\/figure>\n","protected":false},"excerpt":{"rendered":"<p>En 2019, en marge de la r\u00e9habilitation du secteur de la place Jean-Jacques Rousseau \u00e0 la rue Montesquieu par Bourg Habitat, le centre social a mis en place le projet \u00ab\u00a0Et si je racontais mon quartier!\u00a0\u00bb pour collecter et mettre <a class=\"more-link\" href=\"https:\/\/ag2020.csvennes.fr\/?p=234\">Continuer la lecture <span class=\"screen-reader-text\">  Le projet \u00ab\u00a0Et si je racontais mon quartier !\u00a0\u00bb<\/span><span class=\"meta-nav\">&rarr;<\/span><\/a><\/p>\n","protected":false},"author":5,"featured_media":0,"comment_status":"open","ping_status":"open","sticky":false,"template":"","format":"standard","meta":{"footnotes":""},"categories":[5],"tags":[],"class_list":["post-234","post","type-post","status-publish","format-standard","hentry","category-activites"],"_links":{"self":[{"href":"https:\/\/ag2020.csvennes.fr\/index.php?rest_route=\/wp\/v2\/posts\/234","targetHints":{"allow":["GET"]}}],"collection":[{"href":"https:\/\/ag2020.csvennes.fr\/index.php?rest_route=\/wp\/v2\/posts"}],"about":[{"href":"https:\/\/ag2020.csvennes.fr\/index.php?rest_route=\/wp\/v2\/types\/post"}],"author":[{"embeddable":true,"href":"https:\/\/ag2020.csvennes.fr\/index.php?rest_route=\/wp\/v2\/users\/5"}],"replies":[{"embeddable":true,"href":"https:\/\/ag2020.csvennes.fr\/index.php?rest_route=%2Fwp%2Fv2%2Fcomments&post=234"}],"version-history":[{"count":3,"href":"https:\/\/ag2020.csvennes.fr\/index.php?rest_route=\/wp\/v2\/posts\/234\/revisions"}],"predecessor-version":[{"id":320,"href":"https:\/\/ag2020.csvennes.fr\/index.php?rest_route=\/wp\/v2\/posts\/234\/revisions\/320"}],"wp:attachment":[{"href":"https:\/\/ag2020.csvennes.fr\/index.php?rest_route=%2Fwp%2Fv2%2Fmedia&parent=234"}],"wp:term":[{"taxonomy":"category","embeddable":true,"href":"https:\/\/ag2020.csvennes.fr\/index.php?rest_route=%2Fwp%2Fv2%2Fcategories&post=234"},{"taxonomy":"post_tag","embeddable":true,"href":"https:\/\/ag2020.csvennes.fr\/index.php?rest_route=%2Fwp%2Fv2%2Ftags&post=234"}],"curies":[{"name":"wp","href":"https:\/\/api.w.org\/{rel}","templated":true}]}}