{"id":215,"date":"2020-09-18T11:32:06","date_gmt":"2020-09-18T11:32:06","guid":{"rendered":"https:\/\/projet.csvennes.fr\/?p=215"},"modified":"2020-09-18T12:59:21","modified_gmt":"2020-09-18T12:59:21","slug":"laccompagnement-scolaire-des-collegiens","status":"publish","type":"post","link":"https:\/\/ag2020.csvennes.fr\/?p=215","title":{"rendered":"L\u2019accompagnement scolaire des coll\u00e9giens"},"content":{"rendered":"\n<p class=\"has-text-align-left\">Au-del\u00e0 de l\u2019aide aux devoirs, ce temps favorise le lien social, r\u00e9duit l\u2019isolement des familles et contribue \u00e0 l\u2019\u00e9panouissement de chacun. Encadr\u00e9s par des b\u00e9n\u00e9voles (Anthony, M\u00e9lanie, Jacqueline, V\u00e9ronique Jocelyne, Simone) et par deux professionnels du Centre Social, 26 coll\u00e9giens ont \u00e9t\u00e9 accompagn\u00e9s dans le cadre du soutien scolaire au cours de l\u2019ann\u00e9e&nbsp; 2019\/2020.<\/p>\n\n\n\n<p class=\"has-text-align-left\">Pr\u00e9sents lors de l\u2019inscription, les parents des adolescents expriment leurs besoins quant \u00e0 la scolarit\u00e9 de leurs enfants. C\u2019est pourquoi, un contrat entre le centre social, eux-m\u00eames et le coll\u00e9gien est mis en place afin d\u2019\u00e9claircir la situation de chacun concernant leurs attentes.<\/p>\n\n\n\n<p class=\"has-text-align-left\">Cet accompagnement a permis de recenser des besoins pr\u00e9cis pour les parents et les \u00e9l\u00e8ves, aboutissant \u00e0 la cr\u00e9ation de certaines actions. Malgr\u00e9 la crise sanitaire, le centre social a \u00e9t\u00e9 riche en propositions&nbsp;: <\/p>\n\n\n\n<ul class=\"wp-block-list\"><li>des apr\u00e8s-midis ludiques et devoirs pendant les petites vacances, ouverts aux parents, avec diff\u00e9rents supports\u00a0: cuisine, jeux de soci\u00e9t\u00e9, etc.\u00a0;<\/li><li>des temps d\u2019\u00e9changes anim\u00e9s\u00a0: quizz sur le num\u00e9rique, quizz sur les st\u00e9r\u00e9otypes et in\u00e9galit\u00e9s, une apr\u00e8s-midi dans le cadre de la journ\u00e9e de la femme, des temps d\u2019\u00e9changes sur leurs ressentis des \u00e9v\u00e8nements de fin d\u2019ann\u00e9e\u00a0;<\/li><li>des animations en Visio conf\u00e9rence durant le confinement\u00a0;<\/li><li>des appels fr\u00e9quents aux parents et\/ou enfants.<\/li><\/ul>\n\n\n\n<p>Dans ce cadre, un lien r\u00e9gulier s\u2019est form\u00e9 avec le coll\u00e8ge Thomas Riboud permettant d\u2019\u00e9changer sur les situations afin d\u2019assurer un suivi efficace.<\/p>\n","protected":false},"excerpt":{"rendered":"<p>Au-del\u00e0 de l\u2019aide aux devoirs, ce temps favorise le lien social, r\u00e9duit l\u2019isolement des familles et contribue \u00e0 l\u2019\u00e9panouissement de chacun. Encadr\u00e9s par des b\u00e9n\u00e9voles (Anthony, M\u00e9lanie, Jacqueline, V\u00e9ronique Jocelyne, Simone) et par deux professionnels du Centre Social, 26 coll\u00e9giens <a class=\"more-link\" href=\"https:\/\/ag2020.csvennes.fr\/?p=215\">Continuer la lecture <span class=\"screen-reader-text\">  L\u2019accompagnement scolaire des coll\u00e9giens<\/span><span class=\"meta-nav\">&rarr;<\/span><\/a><\/p>\n","protected":false},"author":4,"featured_media":0,"comment_status":"open","ping_status":"open","sticky":false,"template":"","format":"standard","meta":{"footnotes":""},"categories":[5],"tags":[],"class_list":["post-215","post","type-post","status-publish","format-standard","hentry","category-activites"],"_links":{"self":[{"href":"https:\/\/ag2020.csvennes.fr\/index.php?rest_route=\/wp\/v2\/posts\/215","targetHints":{"allow":["GET"]}}],"collection":[{"href":"https:\/\/ag2020.csvennes.fr\/index.php?rest_route=\/wp\/v2\/posts"}],"about":[{"href":"https:\/\/ag2020.csvennes.fr\/index.php?rest_route=\/wp\/v2\/types\/post"}],"author":[{"embeddable":true,"href":"https:\/\/ag2020.csvennes.fr\/index.php?rest_route=\/wp\/v2\/users\/4"}],"replies":[{"embeddable":true,"href":"https:\/\/ag2020.csvennes.fr\/index.php?rest_route=%2Fwp%2Fv2%2Fcomments&post=215"}],"version-history":[{"count":4,"href":"https:\/\/ag2020.csvennes.fr\/index.php?rest_route=\/wp\/v2\/posts\/215\/revisions"}],"predecessor-version":[{"id":232,"href":"https:\/\/ag2020.csvennes.fr\/index.php?rest_route=\/wp\/v2\/posts\/215\/revisions\/232"}],"wp:attachment":[{"href":"https:\/\/ag2020.csvennes.fr\/index.php?rest_route=%2Fwp%2Fv2%2Fmedia&parent=215"}],"wp:term":[{"taxonomy":"category","embeddable":true,"href":"https:\/\/ag2020.csvennes.fr\/index.php?rest_route=%2Fwp%2Fv2%2Fcategories&post=215"},{"taxonomy":"post_tag","embeddable":true,"href":"https:\/\/ag2020.csvennes.fr\/index.php?rest_route=%2Fwp%2Fv2%2Ftags&post=215"}],"curies":[{"name":"wp","href":"https:\/\/api.w.org\/{rel}","templated":true}]}}