{"id":213,"date":"2020-09-18T12:01:13","date_gmt":"2020-09-18T12:01:13","guid":{"rendered":"https:\/\/projet.csvennes.fr\/?p=213"},"modified":"2020-09-24T12:56:55","modified_gmt":"2020-09-24T12:56:55","slug":"le-conseil-dadministration","status":"publish","type":"post","link":"https:\/\/ag2020.csvennes.fr\/?p=213","title":{"rendered":"Le conseil d&rsquo;administration"},"content":{"rendered":"\n<p>En 2019, l&rsquo;\u00e9quipe de 13 membres  s&rsquo;est r\u00e9unie environ toutes les 6 semaines.<\/p>\n\n\n\n<p>Dans les faits, pour certains, les rencontres au centre sont bien plus r\u00e9guli\u00e8res, pour \u00e9changer avec les salari\u00e9s, pour participer \u00e0 des commissions, \u00e0 des actions.  Ceci en fonction des aspirations et des disponibilit\u00e9s de chacun.<\/p>\n\n\n\n<p>En 2019, c&rsquo;est l&rsquo;organisation de la gouvernance qui a \u00e9t\u00e9 repens\u00e9e, en attribuant \u00e0 celles et ceux qui le souhaitaient des d\u00e9l\u00e9gations de comp\u00e9tence.<\/p>\n\n\n\n<p>En 2020 se termine la r\u00e9-\u00e9criture des statuts qui n\u00e9cessitaient d&rsquo;\u00eatre actualis\u00e9s.<\/p>\n\n\n\n<p>Les travaux du renouvellement de projet sont \u00e9galement lanc\u00e9s.<\/p>\n\n\n\n<p><\/p>\n\n\n\n<div class=\"wp-block-image\"><figure class=\"aligncenter\"><img decoding=\"async\" src=\"https:\/\/projet.csvennes.fr\/wp-content\/uploads\/2020\/09\/vote-e1599741279480.jpg\" alt=\"L\u2019attribut alt de cette image est vide, son nom de fichier est vote-e1599741279480.jpg.\"\/><\/figure><\/div>\n\n\n\n<h2 class=\"wp-block-heading\">Proposent de renouveler leur mandat en  pr\u00e9sentant leur candidature lors de cette Assembl\u00e9e G\u00e9n\u00e9rale:<\/h2>\n\n\n\n<p><strong>Claudine VOISIN<\/strong><\/p>\n\n\n\n<figure class=\"wp-block-video\"><video controls src=\"https:\/\/projet.csvennes.fr\/wp-content\/uploads\/2020\/09\/Temoignage-Claudine.mp4\"><\/video><\/figure>\n\n\n\n<p>J<strong>osette COMBIER<\/strong><\/p>\n\n\n\n<p><strong>Hamdy SHENIT<\/strong><\/p>\n\n\n\n<p><\/p>\n\n\n\n<h2 class=\"wp-block-heading\">Se pr\u00e9sentent pour la premi\u00e8re fois \u00e0 cette \u00e9lection<\/h2>\n\n\n\n<p><strong>Monique BARREAU<\/strong><\/p>\n\n\n\n<figure class=\"wp-block-video\"><video controls src=\"https:\/\/projet.csvennes.fr\/wp-content\/uploads\/2020\/09\/Temoignage-de-Monique.mp4\"><\/video><\/figure>\n\n\n\n<p><strong>Eric ECKERT<\/strong><\/p>\n\n\n\n<figure class=\"wp-block-video\"><video controls src=\"https:\/\/projet.csvennes.fr\/wp-content\/uploads\/2020\/09\/Temoignage-dEric-V2.mp4\"><\/video><\/figure>\n\n\n\n<div class=\"wp-block-image\"><figure class=\"aligncenter size-large\"><img loading=\"lazy\" decoding=\"async\" width=\"109\" height=\"116\" src=\"https:\/\/projet.csvennes.fr\/wp-content\/uploads\/2020\/09\/vote-e1599741279480.jpg\" alt=\"\" class=\"wp-image-77\"\/><\/figure><\/div>\n\n\n\n<p>Passez voter au centre social. ou demandez un bulletin pour voter par correspondance.<\/p>\n","protected":false},"excerpt":{"rendered":"<p>En 2019, l&rsquo;\u00e9quipe de 13 membres s&rsquo;est r\u00e9unie environ toutes les 6 semaines. Dans les faits, pour certains, les rencontres au centre sont bien plus r\u00e9guli\u00e8res, pour \u00e9changer avec les salari\u00e9s, pour participer \u00e0 des commissions, \u00e0 des actions. Ceci <a class=\"more-link\" href=\"https:\/\/ag2020.csvennes.fr\/?p=213\">Continuer la lecture <span class=\"screen-reader-text\">  Le conseil d&rsquo;administration<\/span><span class=\"meta-nav\">&rarr;<\/span><\/a><\/p>\n","protected":false},"author":1,"featured_media":0,"comment_status":"open","ping_status":"open","sticky":false,"template":"","format":"standard","meta":{"footnotes":""},"categories":[8],"tags":[],"class_list":["post-213","post","type-post","status-publish","format-standard","hentry","category-votes"],"_links":{"self":[{"href":"https:\/\/ag2020.csvennes.fr\/index.php?rest_route=\/wp\/v2\/posts\/213","targetHints":{"allow":["GET"]}}],"collection":[{"href":"https:\/\/ag2020.csvennes.fr\/index.php?rest_route=\/wp\/v2\/posts"}],"about":[{"href":"https:\/\/ag2020.csvennes.fr\/index.php?rest_route=\/wp\/v2\/types\/post"}],"author":[{"embeddable":true,"href":"https:\/\/ag2020.csvennes.fr\/index.php?rest_route=\/wp\/v2\/users\/1"}],"replies":[{"embeddable":true,"href":"https:\/\/ag2020.csvennes.fr\/index.php?rest_route=%2Fwp%2Fv2%2Fcomments&post=213"}],"version-history":[{"count":6,"href":"https:\/\/ag2020.csvennes.fr\/index.php?rest_route=\/wp\/v2\/posts\/213\/revisions"}],"predecessor-version":[{"id":381,"href":"https:\/\/ag2020.csvennes.fr\/index.php?rest_route=\/wp\/v2\/posts\/213\/revisions\/381"}],"wp:attachment":[{"href":"https:\/\/ag2020.csvennes.fr\/index.php?rest_route=%2Fwp%2Fv2%2Fmedia&parent=213"}],"wp:term":[{"taxonomy":"category","embeddable":true,"href":"https:\/\/ag2020.csvennes.fr\/index.php?rest_route=%2Fwp%2Fv2%2Fcategories&post=213"},{"taxonomy":"post_tag","embeddable":true,"href":"https:\/\/ag2020.csvennes.fr\/index.php?rest_route=%2Fwp%2Fv2%2Ftags&post=213"}],"curies":[{"name":"wp","href":"https:\/\/api.w.org\/{rel}","templated":true}]}}