{"id":179,"date":"2020-09-18T07:46:38","date_gmt":"2020-09-18T07:46:38","guid":{"rendered":"https:\/\/projet.csvennes.fr\/?p=179"},"modified":"2020-09-21T17:22:46","modified_gmt":"2020-09-21T17:22:46","slug":"des-statuts-remis-a-jour-pour-notre-association","status":"publish","type":"post","link":"https:\/\/ag2020.csvennes.fr\/?p=179","title":{"rendered":"Des statuts remis \u00e0 jour  pour notre association"},"content":{"rendered":"\n<p>Ils n&rsquo;avaient pas \u00e9t\u00e9 revisit\u00e9s depuis 1985, c&rsquo;\u00e9tait l&rsquo;occasion d&rsquo;actualiser: <\/p>\n\n\n\n<p>&#8211; <strong>le nom de l&rsquo;association<\/strong> : qui devient A<em>ssociation du Centre Social des Vennes<\/em> (au lieu d&rsquo;association des usagers du centre social des Vennes) avec le sigle ACSV<\/p>\n\n\n\n<p>&#8211;  <strong>l&rsquo;objet<\/strong> : porter et g\u00e9rer le projet du Centre Social avec les habitants du territoire.L&rsquo;association s\u2019adresse d\u2019abord \u00e0 tous les habitants du territoire et plus largement \u00e0 toute personne concern\u00e9e par la vie sociale locale<\/p>\n\n\n\n<p>&#8211; la description de notre <strong>nouveau mode de gouvernance<\/strong>, avec un syst\u00e8me de d\u00e9l\u00e9gation par administrateur plut\u00f4t que des fonctions. Ceci pour mieux partager le travail et les responsabilit\u00e9s.<\/p>\n\n\n\n<p><strong>vous pouvez les t\u00e9l\u00e9charger<\/strong> <a href=\"https:\/\/projet.csvennes.fr\/wp-content\/uploads\/2020\/09\/STATUTS-ASSOCIATION-2020-pour-vote.pdf\" target=\"_blank\" rel=\"noreferrer noopener\"><strong>en pdf ici<\/strong><\/a><\/p>\n\n\n\n<figure class=\"wp-block-image size-large\"><img loading=\"lazy\" decoding=\"async\" width=\"724\" height=\"1024\" src=\"https:\/\/projet.csvennes.fr\/wp-content\/uploads\/2020\/09\/STATUTS-ASSOCIATION-2020-p1-724x1024.jpg\" alt=\"\" class=\"wp-image-180\" srcset=\"https:\/\/ag2020.csvennes.fr\/wp-content\/uploads\/2020\/09\/STATUTS-ASSOCIATION-2020-p1-724x1024.jpg 724w, https:\/\/ag2020.csvennes.fr\/wp-content\/uploads\/2020\/09\/STATUTS-ASSOCIATION-2020-p1-212x300.jpg 212w, https:\/\/ag2020.csvennes.fr\/wp-content\/uploads\/2020\/09\/STATUTS-ASSOCIATION-2020-p1-768x1086.jpg 768w, https:\/\/ag2020.csvennes.fr\/wp-content\/uploads\/2020\/09\/STATUTS-ASSOCIATION-2020-p1-1086x1536.jpg 1086w, https:\/\/ag2020.csvennes.fr\/wp-content\/uploads\/2020\/09\/STATUTS-ASSOCIATION-2020-p1.jpg 1240w\" sizes=\"auto, (max-width: 724px) 100vw, 724px\" \/><\/figure>\n\n\n\n<figure class=\"wp-block-image size-large is-resized\"><img loading=\"lazy\" decoding=\"async\" src=\"https:\/\/projet.csvennes.fr\/wp-content\/uploads\/2020\/09\/STATUTS-ASSOCIATION-2020-p2-724x1024.jpg\" alt=\"\" class=\"wp-image-181\" width=\"590\" height=\"834\" srcset=\"https:\/\/ag2020.csvennes.fr\/wp-content\/uploads\/2020\/09\/STATUTS-ASSOCIATION-2020-p2-724x1024.jpg 724w, https:\/\/ag2020.csvennes.fr\/wp-content\/uploads\/2020\/09\/STATUTS-ASSOCIATION-2020-p2-212x300.jpg 212w, https:\/\/ag2020.csvennes.fr\/wp-content\/uploads\/2020\/09\/STATUTS-ASSOCIATION-2020-p2-768x1086.jpg 768w, https:\/\/ag2020.csvennes.fr\/wp-content\/uploads\/2020\/09\/STATUTS-ASSOCIATION-2020-p2-1086x1536.jpg 1086w, https:\/\/ag2020.csvennes.fr\/wp-content\/uploads\/2020\/09\/STATUTS-ASSOCIATION-2020-p2.jpg 1240w\" sizes=\"auto, (max-width: 590px) 100vw, 590px\" \/><\/figure>\n\n\n\n<figure class=\"wp-block-image size-large\"><img loading=\"lazy\" decoding=\"async\" width=\"724\" height=\"1024\" src=\"https:\/\/projet.csvennes.fr\/wp-content\/uploads\/2020\/09\/STATUTS-ASSOCIATION-2020-p3-724x1024.jpg\" alt=\"\" class=\"wp-image-182\" srcset=\"https:\/\/ag2020.csvennes.fr\/wp-content\/uploads\/2020\/09\/STATUTS-ASSOCIATION-2020-p3-724x1024.jpg 724w, https:\/\/ag2020.csvennes.fr\/wp-content\/uploads\/2020\/09\/STATUTS-ASSOCIATION-2020-p3-212x300.jpg 212w, https:\/\/ag2020.csvennes.fr\/wp-content\/uploads\/2020\/09\/STATUTS-ASSOCIATION-2020-p3-768x1086.jpg 768w, https:\/\/ag2020.csvennes.fr\/wp-content\/uploads\/2020\/09\/STATUTS-ASSOCIATION-2020-p3-1086x1536.jpg 1086w, https:\/\/ag2020.csvennes.fr\/wp-content\/uploads\/2020\/09\/STATUTS-ASSOCIATION-2020-p3.jpg 1240w\" sizes=\"auto, (max-width: 724px) 100vw, 724px\" \/><\/figure>\n\n\n\n<p><\/p>\n\n\n\n<figure class=\"wp-block-image size-large\"><img loading=\"lazy\" decoding=\"async\" width=\"109\" height=\"116\" src=\"https:\/\/projet.csvennes.fr\/wp-content\/uploads\/2020\/09\/vote-e1599741279480.jpg\" alt=\"\" class=\"wp-image-77\"\/><figcaption>Passez au centre social pour voter! ou par correspondance, envoi du bulletin sur demande<\/figcaption><\/figure>\n","protected":false},"excerpt":{"rendered":"<p>Ils n&rsquo;avaient pas \u00e9t\u00e9 revisit\u00e9s depuis 1985, c&rsquo;\u00e9tait l&rsquo;occasion d&rsquo;actualiser: &#8211; le nom de l&rsquo;association : qui devient Association du Centre Social des Vennes (au lieu d&rsquo;association des usagers du centre social des Vennes) avec le sigle ACSV &#8211; l&rsquo;objet <a class=\"more-link\" href=\"https:\/\/ag2020.csvennes.fr\/?p=179\">Continuer la lecture <span class=\"screen-reader-text\">  Des statuts remis \u00e0 jour  pour notre association<\/span><span class=\"meta-nav\">&rarr;<\/span><\/a><\/p>\n","protected":false},"author":1,"featured_media":0,"comment_status":"open","ping_status":"open","sticky":false,"template":"","format":"standard","meta":{"footnotes":""},"categories":[8],"tags":[],"class_list":["post-179","post","type-post","status-publish","format-standard","hentry","category-votes"],"_links":{"self":[{"href":"https:\/\/ag2020.csvennes.fr\/index.php?rest_route=\/wp\/v2\/posts\/179","targetHints":{"allow":["GET"]}}],"collection":[{"href":"https:\/\/ag2020.csvennes.fr\/index.php?rest_route=\/wp\/v2\/posts"}],"about":[{"href":"https:\/\/ag2020.csvennes.fr\/index.php?rest_route=\/wp\/v2\/types\/post"}],"author":[{"embeddable":true,"href":"https:\/\/ag2020.csvennes.fr\/index.php?rest_route=\/wp\/v2\/users\/1"}],"replies":[{"embeddable":true,"href":"https:\/\/ag2020.csvennes.fr\/index.php?rest_route=%2Fwp%2Fv2%2Fcomments&post=179"}],"version-history":[{"count":10,"href":"https:\/\/ag2020.csvennes.fr\/index.php?rest_route=\/wp\/v2\/posts\/179\/revisions"}],"predecessor-version":[{"id":323,"href":"https:\/\/ag2020.csvennes.fr\/index.php?rest_route=\/wp\/v2\/posts\/179\/revisions\/323"}],"wp:attachment":[{"href":"https:\/\/ag2020.csvennes.fr\/index.php?rest_route=%2Fwp%2Fv2%2Fmedia&parent=179"}],"wp:term":[{"taxonomy":"category","embeddable":true,"href":"https:\/\/ag2020.csvennes.fr\/index.php?rest_route=%2Fwp%2Fv2%2Fcategories&post=179"},{"taxonomy":"post_tag","embeddable":true,"href":"https:\/\/ag2020.csvennes.fr\/index.php?rest_route=%2Fwp%2Fv2%2Ftags&post=179"}],"curies":[{"name":"wp","href":"https:\/\/api.w.org\/{rel}","templated":true}]}}