{"id":164,"date":"2020-09-17T15:33:59","date_gmt":"2020-09-17T15:33:59","guid":{"rendered":"https:\/\/projet.csvennes.fr\/?p=164"},"modified":"2020-09-21T17:26:29","modified_gmt":"2020-09-21T17:26:29","slug":"la-jeunesse","status":"publish","type":"post","link":"https:\/\/ag2020.csvennes.fr\/?p=164","title":{"rendered":"La jeunesse"},"content":{"rendered":"\n<p>Au centre social des Vennes, nous n&rsquo;avons pas de \u00ab\u00a0secteur jeunes\u00a0\u00bb. Nous accueillons les jeunes en tant qu&rsquo;habitants et au m\u00eame titre que les autres cat\u00e9gories d&rsquo;\u00e2ges, nous sommes \u00e0 leur \u00e9coute et accompagnons leur projet.<\/p>\n\n\n\n<p>Pour pallier  l&rsquo;absence d&rsquo;animateur d\u00e9di\u00e9 aux jeunes, notre animateur en <strong>D<\/strong>\u00e9veloppement <strong>S<\/strong>ocial <strong>L<\/strong>ocal coordonne le r\u00e9seau d&rsquo;acteurs qui interviennent dans le quartier aupr\u00e8s des jeunes. Apr\u00e8s avoir tent\u00e9 avec ce collectif de cr\u00e9er une permanence au centre social en 2018,   ce groupe a con\u00e7u une vid\u00e9o pour se faire connaitre sur les r\u00e9seaux sociaux (co-financement par les acteurs)<\/p>\n\n\n\n<figure class=\"wp-block-embed-youtube wp-block-embed is-type-video is-provider-youtube wp-embed-aspect-16-9 wp-has-aspect-ratio\"><div class=\"wp-block-embed__wrapper\">\n<iframe loading=\"lazy\" title=\"Reseau Jeunesse des Vennes r\u00e9seaux soc\" width=\"530\" height=\"298\" src=\"https:\/\/www.youtube.com\/embed\/_GkVb2KikbA?feature=oembed\" frameborder=\"0\" allow=\"accelerometer; autoplay; clipboard-write; encrypted-media; gyroscope; picture-in-picture; web-share\" referrerpolicy=\"strict-origin-when-cross-origin\" allowfullscreen><\/iframe>\n<\/div><\/figure>\n\n\n\n<p>Les jeunes savent aussi se mobiliser par eux m\u00eames, l&rsquo;association les a accompagn\u00e9s pour b\u00e9n\u00e9ficier de la mise \u00e0 disposition du gymnase des Vennes tous les dimanches pour <strong>une activit\u00e9 futsal.<\/strong> <\/p>\n\n\n\n<p><strong>Une activit\u00e9 Open Mic<\/strong> en partenariat avec la Tannerie et le r\u00e9seau 11-16 ans a permis \u00e0 une douzaine de coll\u00e9giens de cr\u00e9er des textes et de se produire sur la sc\u00e8ne des feux de la Saint Jean.<\/p>\n\n\n\n<p>L&rsquo;organisation et la  programmation de la f\u00eate de quartier veille \u00e0 associer les jeunes.<\/p>\n\n\n\n<p>La pr\u00e9vention sp\u00e9cialis\u00e9e, avec ses chantiers jeunes, vient en appui de nos animations.<\/p>\n","protected":false},"excerpt":{"rendered":"<p>Au centre social des Vennes, nous n&rsquo;avons pas de \u00ab\u00a0secteur jeunes\u00a0\u00bb. Nous accueillons les jeunes en tant qu&rsquo;habitants et au m\u00eame titre que les autres cat\u00e9gories d&rsquo;\u00e2ges, nous sommes \u00e0 leur \u00e9coute et accompagnons leur projet. Pour pallier l&rsquo;absence d&rsquo;animateur <a class=\"more-link\" href=\"https:\/\/ag2020.csvennes.fr\/?p=164\">Continuer la lecture <span class=\"screen-reader-text\">  La jeunesse<\/span><span class=\"meta-nav\">&rarr;<\/span><\/a><\/p>\n","protected":false},"author":1,"featured_media":0,"comment_status":"open","ping_status":"open","sticky":false,"template":"","format":"standard","meta":{"footnotes":""},"categories":[5],"tags":[],"class_list":["post-164","post","type-post","status-publish","format-standard","hentry","category-activites"],"_links":{"self":[{"href":"https:\/\/ag2020.csvennes.fr\/index.php?rest_route=\/wp\/v2\/posts\/164","targetHints":{"allow":["GET"]}}],"collection":[{"href":"https:\/\/ag2020.csvennes.fr\/index.php?rest_route=\/wp\/v2\/posts"}],"about":[{"href":"https:\/\/ag2020.csvennes.fr\/index.php?rest_route=\/wp\/v2\/types\/post"}],"author":[{"embeddable":true,"href":"https:\/\/ag2020.csvennes.fr\/index.php?rest_route=\/wp\/v2\/users\/1"}],"replies":[{"embeddable":true,"href":"https:\/\/ag2020.csvennes.fr\/index.php?rest_route=%2Fwp%2Fv2%2Fcomments&post=164"}],"version-history":[{"count":9,"href":"https:\/\/ag2020.csvennes.fr\/index.php?rest_route=\/wp\/v2\/posts\/164\/revisions"}],"predecessor-version":[{"id":325,"href":"https:\/\/ag2020.csvennes.fr\/index.php?rest_route=\/wp\/v2\/posts\/164\/revisions\/325"}],"wp:attachment":[{"href":"https:\/\/ag2020.csvennes.fr\/index.php?rest_route=%2Fwp%2Fv2%2Fmedia&parent=164"}],"wp:term":[{"taxonomy":"category","embeddable":true,"href":"https:\/\/ag2020.csvennes.fr\/index.php?rest_route=%2Fwp%2Fv2%2Fcategories&post=164"},{"taxonomy":"post_tag","embeddable":true,"href":"https:\/\/ag2020.csvennes.fr\/index.php?rest_route=%2Fwp%2Fv2%2Ftags&post=164"}],"curies":[{"name":"wp","href":"https:\/\/api.w.org\/{rel}","templated":true}]}}