{"id":140,"date":"2020-09-17T14:29:10","date_gmt":"2020-09-17T14:29:10","guid":{"rendered":"https:\/\/projet.csvennes.fr\/?p=140"},"modified":"2020-09-21T17:29:45","modified_gmt":"2020-09-21T17:29:45","slug":"sorties-familiales","status":"publish","type":"post","link":"https:\/\/ag2020.csvennes.fr\/?p=140","title":{"rendered":"Sorties familiales"},"content":{"rendered":"\n<p>Mises en place par un collectif d&rsquo;une quinzaine d&rsquo;habitants, 5 sorties ont \u00e9t\u00e9 programm\u00e9es pour l&rsquo;ann\u00e9e 2019. Des rendez-vous appr\u00e9ci\u00e9s et attendus par les habitants, qui permettent de d\u00e9couvrir un autre environnement que celui du quartier, en \u00e9tant accessibles au plus grand nombre: 203 personnes, petits et grands, seul(e) ou en famille ont pu en b\u00e9n\u00e9ficier. <\/p>\n\n\n\n<p>A noter l&rsquo;organisation d&rsquo;un syst\u00e8me de pr\u00e9-inscription sur l&rsquo;ann\u00e9e et d&rsquo;un r\u00e8glement permettant la participation du plus grand nombre, en \u00e9tablissant des ordres de priorit\u00e9 en fonction du nombre de participations. (premier arriv\u00e9, premier servi, ce n&rsquo;est pas notre choix!)<\/p>\n\n\n\n<p>Petit retour en image<\/p>\n\n\n\n<figure class=\"wp-block-video\"><video controls src=\"https:\/\/projet.csvennes.fr\/wp-content\/uploads\/2020\/09\/video-sortie-familiale-20191.mp4\"><\/video><\/figure>\n\n\n\n<p>L&rsquo;organisation de ventes tout au long de l&rsquo;ann\u00e9e \u00e0 l&rsquo;occasion des permanences au march\u00e9, ou des animations dans le quartier, a permis de g\u00e9n\u00e9rer une part d&rsquo;autofinancement.<\/p>\n\n\n\n<p>Ces recettes bonifi\u00e9es par une subvention dans le cadre du contrat de ville ont permis d\u2019affr\u00e9ter un second car pour la derni\u00e8re sortie de l&rsquo;ann\u00e9e \u00e0 Peaugres (une destination tr\u00e8s demand\u00e9e.)<\/p>\n","protected":false},"excerpt":{"rendered":"<p>Mises en place par un collectif d&rsquo;une quinzaine d&rsquo;habitants, 5 sorties ont \u00e9t\u00e9 programm\u00e9es pour l&rsquo;ann\u00e9e 2019. Des rendez-vous appr\u00e9ci\u00e9s et attendus par les habitants, qui permettent de d\u00e9couvrir un autre environnement que celui du quartier, en \u00e9tant accessibles au <a class=\"more-link\" href=\"https:\/\/ag2020.csvennes.fr\/?p=140\">Continuer la lecture <span class=\"screen-reader-text\">  Sorties familiales<\/span><span class=\"meta-nav\">&rarr;<\/span><\/a><\/p>\n","protected":false},"author":2,"featured_media":0,"comment_status":"open","ping_status":"open","sticky":false,"template":"","format":"standard","meta":{"footnotes":""},"categories":[5],"tags":[],"class_list":["post-140","post","type-post","status-publish","format-standard","hentry","category-activites"],"_links":{"self":[{"href":"https:\/\/ag2020.csvennes.fr\/index.php?rest_route=\/wp\/v2\/posts\/140","targetHints":{"allow":["GET"]}}],"collection":[{"href":"https:\/\/ag2020.csvennes.fr\/index.php?rest_route=\/wp\/v2\/posts"}],"about":[{"href":"https:\/\/ag2020.csvennes.fr\/index.php?rest_route=\/wp\/v2\/types\/post"}],"author":[{"embeddable":true,"href":"https:\/\/ag2020.csvennes.fr\/index.php?rest_route=\/wp\/v2\/users\/2"}],"replies":[{"embeddable":true,"href":"https:\/\/ag2020.csvennes.fr\/index.php?rest_route=%2Fwp%2Fv2%2Fcomments&post=140"}],"version-history":[{"count":8,"href":"https:\/\/ag2020.csvennes.fr\/index.php?rest_route=\/wp\/v2\/posts\/140\/revisions"}],"predecessor-version":[{"id":327,"href":"https:\/\/ag2020.csvennes.fr\/index.php?rest_route=\/wp\/v2\/posts\/140\/revisions\/327"}],"wp:attachment":[{"href":"https:\/\/ag2020.csvennes.fr\/index.php?rest_route=%2Fwp%2Fv2%2Fmedia&parent=140"}],"wp:term":[{"taxonomy":"category","embeddable":true,"href":"https:\/\/ag2020.csvennes.fr\/index.php?rest_route=%2Fwp%2Fv2%2Fcategories&post=140"},{"taxonomy":"post_tag","embeddable":true,"href":"https:\/\/ag2020.csvennes.fr\/index.php?rest_route=%2Fwp%2Fv2%2Ftags&post=140"}],"curies":[{"name":"wp","href":"https:\/\/api.w.org\/{rel}","templated":true}]}}