{"id":100,"date":"2020-09-14T15:35:07","date_gmt":"2020-09-14T15:35:07","guid":{"rendered":"https:\/\/projet.csvennes.fr\/?p=100"},"modified":"2020-09-24T13:12:13","modified_gmt":"2020-09-24T13:12:13","slug":"aller-vers","status":"publish","type":"post","link":"https:\/\/ag2020.csvennes.fr\/?p=100","title":{"rendered":"\u00ab\u00a0Aller vers\u00a0\u00bb"},"content":{"rendered":"\n<div class=\"wp-block-group\"><div class=\"wp-block-group__inner-container is-layout-flow wp-block-group-is-layout-flow\">\n<div class=\"wp-block-group\"><div class=\"wp-block-group__inner-container is-layout-flow wp-block-group-is-layout-flow\">\n<div class=\"wp-block-group\"><div class=\"wp-block-group__inner-container is-layout-flow wp-block-group-is-layout-flow\">\n<p><strong>Le \u00ab\u00a0aller vers\u00a0\u00bb <\/strong>(les habitants)<strong>  <\/strong>est un terme de plus en plus employ\u00e9 mais  nous ne mettons pas tous le m\u00eame sens et la m\u00eame mani\u00e8re de faire sur cette expression.<\/p>\n\n\n\n<p>Au centre social, nous avons d\u00e9j\u00e0 inscrit cette d\u00e9marche dans nos pratiques depuis quelques ann\u00e9es maintenant. Avant de vous pr\u00e9senter quelques r\u00e9alisations,                 <strong>rappelons ici pourquoi nous le faisons:<\/strong><\/p>\n\n\n\n<!--more-->\n\n\n\n<p><\/p>\n<\/div><\/div>\n\n\n\n<div class=\"wp-block-group\"><div class=\"wp-block-group__inner-container is-layout-flow wp-block-group-is-layout-flow\">\n<ul class=\"wp-block-list\"><li>Aller \u00e0 la rencontre des habitants, plus sp\u00e9cialement vers celles et ceux qui ne viennent pas au centre, les plus \u00e9loign\u00e9(e)s et les plus isol\u00e9(e)s.<\/li><\/ul>\n\n\n\n<ul class=\"wp-block-list\"><li>Rep\u00e9rer les besoins et les attentes des habitants.<\/li><\/ul>\n\n\n\n<ul class=\"wp-block-list\"><li>Renforcer la connaissance et la compr\u00e9hension des diff\u00e9rents publics du quartier.<\/li><\/ul>\n\n\n\n<ul class=\"wp-block-list\"><li>Rep\u00e9rer les comp\u00e9tences, les savoirs-faire, afin de les valoriser.<\/li><\/ul>\n\n\n\n<ul class=\"wp-block-list\"><li>Permettre aux habitants d&rsquo;identifier le centre social pour mieux conna\u00eetre son action.<\/li><\/ul>\n\n\n\n<ul class=\"wp-block-list\"><li>Communiquer et informer le public \/ D\u00e9velopper un r\u00e9seau d&rsquo;habitants.<\/li><\/ul>\n\n\n\n<ul class=\"wp-block-list\"><li>Avoir un r\u00f4le de veille sur le quartier.<\/li><\/ul>\n\n\n\n<ul class=\"wp-block-list\"><li>Initier ou accompagner des projets d&rsquo;int\u00e9r\u00eat g\u00e9n\u00e9ral.<\/li><\/ul>\n\n\n\n<ul class=\"wp-block-list\"><li>Assurer et renforcer notre fonction d&rsquo;animation pour tous les publics.<\/li><\/ul>\n<\/div><\/div>\n\n\n\n<p><strong>Toute l&rsquo;ann\u00e9e, nous avons assur\u00e9 des permanences \u00e0 l&rsquo;ext\u00e9rieur:     <\/strong> <\/p>\n\n\n\n<p>Un dimanche par mois le matin sur le march\u00e9 des Vennes<\/p>\n\n\n\n<div class=\"wp-block-image\"><figure class=\"aligncenter size-large is-resized\"><img loading=\"lazy\" decoding=\"async\" src=\"https:\/\/projet.csvennes.fr\/wp-content\/uploads\/2020\/09\/20190224_112102-edited.jpg\" alt=\"\" class=\"wp-image-101\" width=\"191\" height=\"191\" srcset=\"https:\/\/ag2020.csvennes.fr\/wp-content\/uploads\/2020\/09\/20190224_112102-edited.jpg 718w, https:\/\/ag2020.csvennes.fr\/wp-content\/uploads\/2020\/09\/20190224_112102-edited-300x300.jpg 300w, https:\/\/ag2020.csvennes.fr\/wp-content\/uploads\/2020\/09\/20190224_112102-edited-150x150.jpg 150w\" sizes=\"auto, (max-width: 191px) 100vw, 191px\" \/><\/figure><\/div>\n\n\n\n<p>Chaque 1er mardi du mois aux entr\u00e9es et sorties de l&rsquo;\u00e9cole des Vennes<\/p>\n\n\n\n<p>Tous les mardis de 15h30 \u00e0 17h30 \u00e0 la sortie du coll\u00e8ge Thomas Riboud en collaboration avec le service de Pr\u00e9vention Sp\u00e9cialis\u00e9e et le R\u00e9seau 11\/16 ans de la Sauvegarde01.<\/p>\n\n\n\n<div class=\"wp-block-image\"><figure class=\"aligncenter size-large is-resized\"><img loading=\"lazy\" decoding=\"async\" src=\"https:\/\/projet.csvennes.fr\/wp-content\/uploads\/2020\/09\/20191203_161017-768x1024.jpg\" alt=\"\" class=\"wp-image-107\" width=\"142\" height=\"189\" srcset=\"https:\/\/ag2020.csvennes.fr\/wp-content\/uploads\/2020\/09\/20191203_161017-768x1024.jpg 768w, https:\/\/ag2020.csvennes.fr\/wp-content\/uploads\/2020\/09\/20191203_161017-225x300.jpg 225w, https:\/\/ag2020.csvennes.fr\/wp-content\/uploads\/2020\/09\/20191203_161017-1152x1536.jpg 1152w, https:\/\/ag2020.csvennes.fr\/wp-content\/uploads\/2020\/09\/20191203_161017-1536x2048.jpg 1536w, https:\/\/ag2020.csvennes.fr\/wp-content\/uploads\/2020\/09\/20191203_161017-scaled.jpg 1920w\" sizes=\"auto, (max-width: 142px) 100vw, 142px\" \/><\/figure><\/div>\n\n\n\n<p>Une fois par semaine en pied d&rsquo;immeuble.<\/p>\n\n\n\n<p>Mais aussi \u00e0 d&rsquo;autres occasions comme lors des ateliers r\u00e9paration de v\u00e9los avec Bourg Nature Environnement&#8230;.<\/p>\n\n\n\n<div class=\"wp-block-image\"><figure class=\"aligncenter size-large is-resized\"><img loading=\"lazy\" decoding=\"async\" src=\"https:\/\/projet.csvennes.fr\/wp-content\/uploads\/2020\/09\/IMG_20190510_173403-1024x768.jpg\" alt=\"\" class=\"wp-image-91\" width=\"238\" height=\"178\" srcset=\"https:\/\/ag2020.csvennes.fr\/wp-content\/uploads\/2020\/09\/IMG_20190510_173403-1024x768.jpg 1024w, https:\/\/ag2020.csvennes.fr\/wp-content\/uploads\/2020\/09\/IMG_20190510_173403-300x225.jpg 300w, https:\/\/ag2020.csvennes.fr\/wp-content\/uploads\/2020\/09\/IMG_20190510_173403-768x576.jpg 768w, https:\/\/ag2020.csvennes.fr\/wp-content\/uploads\/2020\/09\/IMG_20190510_173403-1536x1152.jpg 1536w, https:\/\/ag2020.csvennes.fr\/wp-content\/uploads\/2020\/09\/IMG_20190510_173403.jpg 2048w\" sizes=\"auto, (max-width: 238px) 100vw, 238px\" \/><\/figure><\/div>\n\n\n\n<p>&#8230;.une \u00e9mission en public et en direct avec Radio B<\/p>\n\n\n\n<div class=\"wp-block-image\"><figure class=\"aligncenter size-large is-resized\"><img loading=\"lazy\" decoding=\"async\" src=\"https:\/\/projet.csvennes.fr\/wp-content\/uploads\/2020\/09\/P1220247-1024x768.jpg\" alt=\"\" class=\"wp-image-94\" width=\"226\" height=\"169\" srcset=\"https:\/\/ag2020.csvennes.fr\/wp-content\/uploads\/2020\/09\/P1220247-1024x768.jpg 1024w, https:\/\/ag2020.csvennes.fr\/wp-content\/uploads\/2020\/09\/P1220247-300x225.jpg 300w, https:\/\/ag2020.csvennes.fr\/wp-content\/uploads\/2020\/09\/P1220247-768x576.jpg 768w, https:\/\/ag2020.csvennes.fr\/wp-content\/uploads\/2020\/09\/P1220247-1536x1152.jpg 1536w, https:\/\/ag2020.csvennes.fr\/wp-content\/uploads\/2020\/09\/P1220247-2048x1536.jpg 2048w\" sizes=\"auto, (max-width: 226px) 100vw, 226px\" \/><\/figure><\/div>\n\n\n\n<p>&#8230;&#8230;avec le conseil citoyen pour les d\u00e9corations de No\u00ebl et l&rsquo;illumination du sapin Place Jean Jacques Rousseau.<\/p>\n\n\n\n<p>Egalement pendant l&rsquo;\u00e9t\u00e9 o\u00f9 nous donnons rendez-vous aux habitants chaque vendredi soir pour un temps convivial autour des Anim&rsquo;square qui ont r\u00e9uni jusqu&rsquo;\u00e0 1000 personnes pour l&rsquo;\u00e9t\u00e9 2019<\/p>\n\n\n\n<figure class=\"wp-block-gallery columns-3 is-cropped wp-block-gallery-1 is-layout-flex wp-block-gallery-is-layout-flex\"><ul class=\"blocks-gallery-grid\"><li class=\"blocks-gallery-item\"><figure><img loading=\"lazy\" decoding=\"async\" width=\"768\" height=\"1024\" src=\"https:\/\/projet.csvennes.fr\/wp-content\/uploads\/2020\/09\/IMG_20200710_161202-768x1024.jpg\" alt=\"\" data-id=\"92\" data-full-url=\"https:\/\/projet.csvennes.fr\/wp-content\/uploads\/2020\/09\/IMG_20200710_161202-scaled.jpg\" data-link=\"https:\/\/projet.csvennes.fr\/?attachment_id=92\" class=\"wp-image-92\" srcset=\"https:\/\/ag2020.csvennes.fr\/wp-content\/uploads\/2020\/09\/IMG_20200710_161202-768x1024.jpg 768w, https:\/\/ag2020.csvennes.fr\/wp-content\/uploads\/2020\/09\/IMG_20200710_161202-225x300.jpg 225w, https:\/\/ag2020.csvennes.fr\/wp-content\/uploads\/2020\/09\/IMG_20200710_161202-1152x1536.jpg 1152w, https:\/\/ag2020.csvennes.fr\/wp-content\/uploads\/2020\/09\/IMG_20200710_161202-1536x2048.jpg 1536w, https:\/\/ag2020.csvennes.fr\/wp-content\/uploads\/2020\/09\/IMG_20200710_161202-scaled.jpg 1920w\" sizes=\"auto, (max-width: 768px) 100vw, 768px\" \/><\/figure><\/li><li class=\"blocks-gallery-item\"><figure><img loading=\"lazy\" decoding=\"async\" width=\"768\" height=\"1024\" src=\"https:\/\/projet.csvennes.fr\/wp-content\/uploads\/2020\/09\/20190726_205425-768x1024.jpg\" alt=\"\" data-id=\"108\" data-full-url=\"https:\/\/projet.csvennes.fr\/wp-content\/uploads\/2020\/09\/20190726_205425-scaled.jpg\" data-link=\"https:\/\/projet.csvennes.fr\/?attachment_id=108\" class=\"wp-image-108\" srcset=\"https:\/\/ag2020.csvennes.fr\/wp-content\/uploads\/2020\/09\/20190726_205425-768x1024.jpg 768w, https:\/\/ag2020.csvennes.fr\/wp-content\/uploads\/2020\/09\/20190726_205425-225x300.jpg 225w, https:\/\/ag2020.csvennes.fr\/wp-content\/uploads\/2020\/09\/20190726_205425-1152x1536.jpg 1152w, https:\/\/ag2020.csvennes.fr\/wp-content\/uploads\/2020\/09\/20190726_205425-1536x2048.jpg 1536w, https:\/\/ag2020.csvennes.fr\/wp-content\/uploads\/2020\/09\/20190726_205425-scaled.jpg 1920w\" sizes=\"auto, (max-width: 768px) 100vw, 768px\" \/><\/figure><\/li><li class=\"blocks-gallery-item\"><figure><img loading=\"lazy\" decoding=\"async\" width=\"1024\" height=\"576\" src=\"https:\/\/projet.csvennes.fr\/wp-content\/uploads\/2020\/09\/sous-le-square.jpg\" alt=\"\" data-id=\"42\" data-full-url=\"https:\/\/projet.csvennes.fr\/wp-content\/uploads\/2020\/09\/sous-le-square.jpg\" data-link=\"https:\/\/projet.csvennes.fr\/?attachment_id=42\" class=\"wp-image-42\" srcset=\"https:\/\/ag2020.csvennes.fr\/wp-content\/uploads\/2020\/09\/sous-le-square.jpg 1024w, https:\/\/ag2020.csvennes.fr\/wp-content\/uploads\/2020\/09\/sous-le-square-300x169.jpg 300w, https:\/\/ag2020.csvennes.fr\/wp-content\/uploads\/2020\/09\/sous-le-square-768x432.jpg 768w\" sizes=\"auto, (max-width: 1024px) 100vw, 1024px\" \/><\/figure><\/li><\/ul><\/figure>\n\n\n\n<p>A ce titre et pour clore la saison estivale 2019, \u00e0 l&rsquo;occasion de la journ\u00e9e des cr\u00e9ateurs des Vennes, une exposition de la \u00ab\u00a0galerie de portraits des habitants des Vennes\u00a0\u00bb a r\u00e9uni un public nombreux pour venir appr\u00e9cier plus de 100 photos r\u00e9alis\u00e9es par Eric, habitant et photographe \u00e9clair\u00e9 du quartier.<\/p>\n\n\n\n<figure class=\"wp-block-gallery columns-2 is-cropped wp-block-gallery-2 is-layout-flex wp-block-gallery-is-layout-flex\"><ul class=\"blocks-gallery-grid\"><li class=\"blocks-gallery-item\"><figure><img loading=\"lazy\" decoding=\"async\" width=\"1024\" height=\"678\" src=\"https:\/\/projet.csvennes.fr\/wp-content\/uploads\/2020\/09\/2019_09_22_Journee_des_createurs_4386-1-1024x678.jpg\" alt=\"\" data-id=\"95\" data-full-url=\"https:\/\/projet.csvennes.fr\/wp-content\/uploads\/2020\/09\/2019_09_22_Journee_des_createurs_4386-1-scaled.jpg\" data-link=\"https:\/\/projet.csvennes.fr\/?attachment_id=95\" class=\"wp-image-95\" srcset=\"https:\/\/ag2020.csvennes.fr\/wp-content\/uploads\/2020\/09\/2019_09_22_Journee_des_createurs_4386-1-1024x678.jpg 1024w, https:\/\/ag2020.csvennes.fr\/wp-content\/uploads\/2020\/09\/2019_09_22_Journee_des_createurs_4386-1-300x199.jpg 300w, https:\/\/ag2020.csvennes.fr\/wp-content\/uploads\/2020\/09\/2019_09_22_Journee_des_createurs_4386-1-768x509.jpg 768w\" sizes=\"auto, (max-width: 1024px) 100vw, 1024px\" \/><\/figure><\/li><li class=\"blocks-gallery-item\"><figure><img loading=\"lazy\" decoding=\"async\" width=\"1024\" height=\"678\" src=\"https:\/\/projet.csvennes.fr\/wp-content\/uploads\/2020\/09\/2019_09_22_Journee_des_createurs_4388-1-1024x678.jpg\" alt=\"\" data-id=\"97\" data-full-url=\"https:\/\/projet.csvennes.fr\/wp-content\/uploads\/2020\/09\/2019_09_22_Journee_des_createurs_4388-1-scaled.jpg\" data-link=\"https:\/\/projet.csvennes.fr\/?attachment_id=97\" class=\"wp-image-97\" srcset=\"https:\/\/ag2020.csvennes.fr\/wp-content\/uploads\/2020\/09\/2019_09_22_Journee_des_createurs_4388-1-1024x678.jpg 1024w, https:\/\/ag2020.csvennes.fr\/wp-content\/uploads\/2020\/09\/2019_09_22_Journee_des_createurs_4388-1-300x199.jpg 300w, https:\/\/ag2020.csvennes.fr\/wp-content\/uploads\/2020\/09\/2019_09_22_Journee_des_createurs_4388-1-768x509.jpg 768w\" sizes=\"auto, (max-width: 1024px) 100vw, 1024px\" \/><\/figure><\/li><\/ul><\/figure>\n\n\n\n<p><strong>C&rsquo;est donc un peu tout \u00e7a le \u00ab\u00a0aller vers\u00a0\u00bb&#8230;. des moments collectifs et conviviaux&#8230;. mais aussi des temps plus individuels pour r\u00e9pondre \u00e0 des questions plus sp\u00e9cifiques, pour conseiller et orienter des personnes (\u00e9crivain public, aide aux d\u00e9marches en ligne, assistante sociale,&#8230;.),bref pour faire le lien avec les bons interlocuteurs face \u00e0 un probl\u00e8me donn\u00e9.<\/strong><\/p>\n\n\n\n<div class=\"wp-block-group\"><div class=\"wp-block-group__inner-container is-layout-flow wp-block-group-is-layout-flow\">\n<div class=\"wp-block-group\"><div class=\"wp-block-group__inner-container is-layout-flow wp-block-group-is-layout-flow\">\n<p>Pour aller plus loin dans cette d\u00e9marche et \u00eatre encore plus rep\u00e9r\u00e9s et mobiles sur le quartier, nous nous sommes \u00e9quip\u00e9s d&rsquo;un v\u00e9lo triporteur \u00e0 assistance \u00e9lectrique afin de mieux sillonner les rues du quartier.<\/p>\n\n\n\n<div class=\"wp-block-image\"><figure class=\"aligncenter size-large is-resized\"><img loading=\"lazy\" decoding=\"async\" src=\"https:\/\/projet.csvennes.fr\/wp-content\/uploads\/2020\/09\/IMG-20200820-WA0000-768x1024.jpg\" alt=\"\" class=\"wp-image-93\" width=\"175\" height=\"233\" srcset=\"https:\/\/ag2020.csvennes.fr\/wp-content\/uploads\/2020\/09\/IMG-20200820-WA0000-768x1024.jpg 768w, https:\/\/ag2020.csvennes.fr\/wp-content\/uploads\/2020\/09\/IMG-20200820-WA0000-225x300.jpg 225w, https:\/\/ag2020.csvennes.fr\/wp-content\/uploads\/2020\/09\/IMG-20200820-WA0000-1152x1536.jpg 1152w, https:\/\/ag2020.csvennes.fr\/wp-content\/uploads\/2020\/09\/IMG-20200820-WA0000.jpg 1200w\" sizes=\"auto, (max-width: 175px) 100vw, 175px\" \/><\/figure><\/div>\n\n\n\n<p>.Malheureusement la crise sanitaire li\u00e9e \u00e0 la Covid 19 est apparue et avec elle pas mal  de coups d&rsquo;arr\u00eats, de situations compliqu\u00e9es, de doutes, mettant \u00e0 mal le lien social et la rencontre de l&rsquo;autre.                                                                                                                      M\u00eame si nous savons pourquoi nous faisions du \u00ab\u00a0aller vers\u00a0\u00bb, le \u00ab\u00a0comment\u00a0\u00bb dans ce contexte est un peu plus compliqu\u00e9.                                                                                          Gageons que de nouvelles formes de rencontres sont encore possibles et qu&rsquo;ensemble nous continuerons \u00e0 garder le lien.Sans gommer la rencontre directe, les r\u00e9seaux sociaux et leurs messageries instantan\u00e9es sont peut-\u00eatre aussi des moyens pour poursuivre et alimenter les 1ers contacts \u00e9tablis lors de nos permanences ext\u00e9rieures.<\/p>\n<\/div><\/div>\n\n\n\n<p><strong>Vous \u00eates int\u00e9ress\u00e9(e) par cette action, ou vous souhaitez partager vos id\u00e9es et contribuer  \u00e0 la r\u00e9flexion, ou encore participer \u00e0 l&rsquo;une de ces permanences et \u00eatre relais sur votre secteur, laissez nous un commentaire et vos coordonn\u00e9es pour qu&rsquo;ensemble nous construisions une suite.<\/strong><\/p>\n<\/div><\/div>\n<\/div><\/div>\n<\/div><\/div>\n\n\n\n<p><\/p>\n","protected":false},"excerpt":{"rendered":"<p>Le \u00ab\u00a0aller vers\u00a0\u00bb (les habitants) est un terme de plus en plus employ\u00e9 mais nous ne mettons pas tous le m\u00eame sens et la m\u00eame mani\u00e8re de faire sur cette expression. Au centre social, nous avons d\u00e9j\u00e0 inscrit cette d\u00e9marche <a class=\"more-link\" href=\"https:\/\/ag2020.csvennes.fr\/?p=100\">Continuer la lecture <span class=\"screen-reader-text\">  \u00ab\u00a0Aller vers\u00a0\u00bb<\/span><span class=\"meta-nav\">&rarr;<\/span><\/a><\/p>\n","protected":false},"author":2,"featured_media":0,"comment_status":"open","ping_status":"open","sticky":false,"template":"","format":"standard","meta":{"footnotes":""},"categories":[5],"tags":[],"class_list":["post-100","post","type-post","status-publish","format-standard","hentry","category-activites"],"_links":{"self":[{"href":"https:\/\/ag2020.csvennes.fr\/index.php?rest_route=\/wp\/v2\/posts\/100","targetHints":{"allow":["GET"]}}],"collection":[{"href":"https:\/\/ag2020.csvennes.fr\/index.php?rest_route=\/wp\/v2\/posts"}],"about":[{"href":"https:\/\/ag2020.csvennes.fr\/index.php?rest_route=\/wp\/v2\/types\/post"}],"author":[{"embeddable":true,"href":"https:\/\/ag2020.csvennes.fr\/index.php?rest_route=\/wp\/v2\/users\/2"}],"replies":[{"embeddable":true,"href":"https:\/\/ag2020.csvennes.fr\/index.php?rest_route=%2Fwp%2Fv2%2Fcomments&post=100"}],"version-history":[{"count":23,"href":"https:\/\/ag2020.csvennes.fr\/index.php?rest_route=\/wp\/v2\/posts\/100\/revisions"}],"predecessor-version":[{"id":386,"href":"https:\/\/ag2020.csvennes.fr\/index.php?rest_route=\/wp\/v2\/posts\/100\/revisions\/386"}],"wp:attachment":[{"href":"https:\/\/ag2020.csvennes.fr\/index.php?rest_route=%2Fwp%2Fv2%2Fmedia&parent=100"}],"wp:term":[{"taxonomy":"category","embeddable":true,"href":"https:\/\/ag2020.csvennes.fr\/index.php?rest_route=%2Fwp%2Fv2%2Fcategories&post=100"},{"taxonomy":"post_tag","embeddable":true,"href":"https:\/\/ag2020.csvennes.fr\/index.php?rest_route=%2Fwp%2Fv2%2Ftags&post=100"}],"curies":[{"name":"wp","href":"https:\/\/api.w.org\/{rel}","templated":true}]}}